{"id":13898,"date":"2025-12-16T07:54:20","date_gmt":"2025-12-16T12:54:20","guid":{"rendered":"https:\/\/provimarcas.com\/?p=13898"},"modified":"2025-12-16T07:55:19","modified_gmt":"2025-12-16T12:55:19","slug":"sic-ajusta-tarifas-de-propiedad-industrial-para-el-2026","status":"publish","type":"post","link":"https:\/\/provimarcas.com\/en\/sic-ajusta-tarifas-de-propiedad-industrial-para-el-2026\/","title":{"rendered":"SIC AJUSTA TARIFAS DE PROPIEDAD INDUSTRIAL PARA EL 2026"},"content":{"rendered":"<p>Entre las modificaciones m\u00e1s relevantes se encuentra el aumento en la tarifa para la presentaci\u00f3n de oposici\u00f3n, que pasa a $ 616.000 en l\u00ednea y $ 739.000 en f\u00edsico.<\/p>\n\n\n\n<p>La Superintendencia de Industria y Comercio (SIC) ajust\u00f3 las tasas de propiedad industrial establecidas en el Cap\u00edtulo I del T\u00edtulo X de la Circular \u00danica para la vigencia 2026. Esta decisi\u00f3n se fundamenta en las facultades otorgadas por la normativa vigente y busca garantizar la actualizaci\u00f3n tarifaria conforme a las condiciones econ\u00f3micas del pa\u00eds.<\/p>\n\n\n\n<p>El ajuste responde a lo dispuesto en la Decisi\u00f3n 486 de la Comunidad Andina y en normas nacionales que facultan a la entidad para fijar tarifas por los servicios relacionados con la propiedad industrial. Seg\u00fan el informe t\u00e9cnico del Grupo de Estudios Econ\u00f3micos, la variaci\u00f3n proyectada del IPC para la clase media, estimada en 5,19 %, fue utilizada como base para calcular el incremento, asegurando transparencia y coherencia con las expectativas macroecon\u00f3micas.<\/p>\n\n\n\n<p>Entre las modificaciones m\u00e1s relevantes se encuentra el aumento en la tarifa para la presentaci\u00f3n de oposici\u00f3n, que pasa a $ 616.000 en l\u00ednea y $ 739.000 en f\u00edsico. Asimismo, se ajustan los valores para solicitudes de registro de marcas y lemas comerciales presentadas por entidades estatales, que quedan en $ 92.500 y $ 114.000 para la primera clase, y en $ 46.500 y $ 57.500 para cada clase adicional, seg\u00fan el canal de presentaci\u00f3n.<\/p>\n\n\n\n<p>La resoluci\u00f3n establece que los dem\u00e1s apartes de la normativa anterior contin\u00faan vigentes y que las nuevas tarifas regir\u00e1n a partir del 1\u00b0 de enero del 2026.<\/p>\n\n\n\n<p>Informaci\u00f3n tomada de \u00c1mbito Jur\u00eddico<\/p>\n\n\n\n<p><a href=\"https:\/\/www.ambitojuridico.com\/noticias\/comercial\/sic-ajusta-tarifas-de-propiedad-industrial-para-el-2026\">https:\/\/www.ambitojuridico.com\/noticias\/comercial\/sic-ajusta-tarifas-de-propiedad-industrial-para-el-2026<\/a><\/p>\n\n\n\n<p>#SIC #Superintendenciadeindustriaycomercio #propiedadintelectual<\/p>","protected":false},"excerpt":{"rendered":"<p>Entre las modificaciones m\u00e1s relevantes se encuentra el aumento en la tarifa para la presentaci\u00f3n de oposici\u00f3n, que pasa a $ 616.000 [&hellip;]<\/p>","protected":false},"author":3,"featured_media":13900,"comment_status":"open","ping_status":"open","sticky":false,"template":"","format":"standard","meta":{"footnotes":""},"categories":[9],"tags":[],"yoast_head":"<!-- This site is optimized with the Yoast SEO plugin v23.2 - https:\/\/yoast.com\/wordpress\/plugins\/seo\/ -->\n<title>SIC AJUSTA TARIFAS DE PROPIEDAD INDUSTRIAL PARA EL 2026 - Provimarcas<\/title>\n<meta name=\"robots\" content=\"index, follow, max-snippet:-1, max-image-preview:large, max-video-preview:-1\" \/>\n<link rel=\"canonical\" href=\"https:\/\/provimarcas.com\/en\/sic-ajusta-tarifas-de-propiedad-industrial-para-el-2026\/\" \/>\n<meta property=\"og:locale\" content=\"en_US\" \/>\n<meta property=\"og:type\" content=\"article\" \/>\n<meta property=\"og:title\" content=\"SIC AJUSTA TARIFAS DE PROPIEDAD INDUSTRIAL PARA EL 2026 - Provimarcas\" \/>\n<meta property=\"og:description\" content=\"Entre las modificaciones m\u00e1s relevantes se encuentra el aumento en la tarifa para la presentaci\u00f3n de oposici\u00f3n, que pasa a $ 616.000 [&hellip;]\" \/>\n<meta property=\"og:url\" content=\"https:\/\/provimarcas.com\/en\/sic-ajusta-tarifas-de-propiedad-industrial-para-el-2026\/\" \/>\n<meta property=\"og:site_name\" content=\"Provimarcas\" \/>\n<meta property=\"article:publisher\" content=\"https:\/\/www.facebook.com\/provimarcas\" \/>\n<meta property=\"article:published_time\" content=\"2025-12-16T12:54:20+00:00\" \/>\n<meta property=\"article:modified_time\" content=\"2025-12-16T12:55:19+00:00\" \/>\n<meta property=\"og:image\" content=\"https:\/\/provimarcas.com\/wp-content\/uploads\/2025\/12\/internet-digital-dominiofreepik.jpg.webp\" \/>\n\t<meta property=\"og:image:width\" content=\"800\" \/>\n\t<meta property=\"og:image:height\" content=\"400\" \/>\n\t<meta property=\"og:image:type\" content=\"image\/webp\" \/>\n<meta name=\"author\" content=\"Paulina\" \/>\n<meta name=\"twitter:card\" content=\"summary_large_image\" \/>\n<meta name=\"twitter:label1\" content=\"Written by\" \/>\n\t<meta name=\"twitter:data1\" content=\"Paulina\" \/>\n\t<meta name=\"twitter:label2\" content=\"Est. reading time\" \/>\n\t<meta name=\"twitter:data2\" content=\"2 minutes\" \/>\n<script type=\"application\/ld+json\" class=\"yoast-schema-graph\">{\"@context\":\"https:\/\/schema.org\",\"@graph\":[{\"@type\":\"Article\",\"@id\":\"https:\/\/provimarcas.com\/sic-ajusta-tarifas-de-propiedad-industrial-para-el-2026\/#article\",\"isPartOf\":{\"@id\":\"https:\/\/provimarcas.com\/sic-ajusta-tarifas-de-propiedad-industrial-para-el-2026\/\"},\"author\":{\"name\":\"Paulina\",\"@id\":\"https:\/\/provimarcas.com\/#\/schema\/person\/7d5bd4e128127041f65306151a79d5be\"},\"headline\":\"SIC AJUSTA TARIFAS DE PROPIEDAD INDUSTRIAL PARA EL 2026\",\"datePublished\":\"2025-12-16T12:54:20+00:00\",\"dateModified\":\"2025-12-16T12:55:19+00:00\",\"mainEntityOfPage\":{\"@id\":\"https:\/\/provimarcas.com\/sic-ajusta-tarifas-de-propiedad-industrial-para-el-2026\/\"},\"wordCount\":288,\"commentCount\":0,\"publisher\":{\"@id\":\"https:\/\/provimarcas.com\/#organization\"},\"image\":{\"@id\":\"https:\/\/provimarcas.com\/sic-ajusta-tarifas-de-propiedad-industrial-para-el-2026\/#primaryimage\"},\"thumbnailUrl\":\"https:\/\/provimarcas.com\/wp-content\/uploads\/2025\/12\/internet-digital-dominiofreepik.jpg.webp\",\"articleSection\":[\"Espa\u00f1ol\"],\"inLanguage\":\"en-US\",\"potentialAction\":[{\"@type\":\"CommentAction\",\"name\":\"Comment\",\"target\":[\"https:\/\/provimarcas.com\/sic-ajusta-tarifas-de-propiedad-industrial-para-el-2026\/#respond\"]}]},{\"@type\":\"WebPage\",\"@id\":\"https:\/\/provimarcas.com\/sic-ajusta-tarifas-de-propiedad-industrial-para-el-2026\/\",\"url\":\"https:\/\/provimarcas.com\/sic-ajusta-tarifas-de-propiedad-industrial-para-el-2026\/\",\"name\":\"SIC AJUSTA TARIFAS DE PROPIEDAD INDUSTRIAL PARA EL 2026 - Provimarcas\",\"isPartOf\":{\"@id\":\"https:\/\/provimarcas.com\/#website\"},\"primaryImageOfPage\":{\"@id\":\"https:\/\/provimarcas.com\/sic-ajusta-tarifas-de-propiedad-industrial-para-el-2026\/#primaryimage\"},\"image\":{\"@id\":\"https:\/\/provimarcas.com\/sic-ajusta-tarifas-de-propiedad-industrial-para-el-2026\/#primaryimage\"},\"thumbnailUrl\":\"https:\/\/provimarcas.com\/wp-content\/uploads\/2025\/12\/internet-digital-dominiofreepik.jpg.webp\",\"datePublished\":\"2025-12-16T12:54:20+00:00\",\"dateModified\":\"2025-12-16T12:55:19+00:00\",\"breadcrumb\":{\"@id\":\"https:\/\/provimarcas.com\/sic-ajusta-tarifas-de-propiedad-industrial-para-el-2026\/#breadcrumb\"},\"inLanguage\":\"en-US\",\"potentialAction\":[{\"@type\":\"ReadAction\",\"target\":[\"https:\/\/provimarcas.com\/sic-ajusta-tarifas-de-propiedad-industrial-para-el-2026\/\"]}]},{\"@type\":\"ImageObject\",\"inLanguage\":\"en-US\",\"@id\":\"https:\/\/provimarcas.com\/sic-ajusta-tarifas-de-propiedad-industrial-para-el-2026\/#primaryimage\",\"url\":\"https:\/\/provimarcas.com\/wp-content\/uploads\/2025\/12\/internet-digital-dominiofreepik.jpg.webp\",\"contentUrl\":\"https:\/\/provimarcas.com\/wp-content\/uploads\/2025\/12\/internet-digital-dominiofreepik.jpg.webp\",\"width\":800,\"height\":400},{\"@type\":\"BreadcrumbList\",\"@id\":\"https:\/\/provimarcas.com\/sic-ajusta-tarifas-de-propiedad-industrial-para-el-2026\/#breadcrumb\",\"itemListElement\":[{\"@type\":\"ListItem\",\"position\":1,\"name\":\"Home\",\"item\":\"https:\/\/provimarcas.com\/\"},{\"@type\":\"ListItem\",\"position\":2,\"name\":\"SIC AJUSTA TARIFAS DE PROPIEDAD INDUSTRIAL PARA EL 2026\"}]},{\"@type\":\"WebSite\",\"@id\":\"https:\/\/provimarcas.com\/#website\",\"url\":\"https:\/\/provimarcas.com\/\",\"name\":\"Provimarcas\",\"description\":\"\",\"publisher\":{\"@id\":\"https:\/\/provimarcas.com\/#organization\"},\"potentialAction\":[{\"@type\":\"SearchAction\",\"target\":{\"@type\":\"EntryPoint\",\"urlTemplate\":\"https:\/\/provimarcas.com\/?s={search_term_string}\"},\"query-input\":\"required name=search_term_string\"}],\"inLanguage\":\"en-US\"},{\"@type\":\"Organization\",\"@id\":\"https:\/\/provimarcas.com\/#organization\",\"name\":\"Provimarcas\",\"url\":\"https:\/\/provimarcas.com\/\",\"logo\":{\"@type\":\"ImageObject\",\"inLanguage\":\"en-US\",\"@id\":\"https:\/\/provimarcas.com\/#\/schema\/logo\/image\/\",\"url\":\"https:\/\/provimarcas.com\/wp-content\/uploads\/2022\/09\/ingles_mobile-provimarcas.jpg\",\"contentUrl\":\"https:\/\/provimarcas.com\/wp-content\/uploads\/2022\/09\/ingles_mobile-provimarcas.jpg\",\"width\":480,\"height\":420,\"caption\":\"Provimarcas\"},\"image\":{\"@id\":\"https:\/\/provimarcas.com\/#\/schema\/logo\/image\/\"},\"sameAs\":[\"https:\/\/www.facebook.com\/provimarcas\"]},{\"@type\":\"Person\",\"@id\":\"https:\/\/provimarcas.com\/#\/schema\/person\/7d5bd4e128127041f65306151a79d5be\",\"name\":\"Paulina\",\"image\":{\"@type\":\"ImageObject\",\"inLanguage\":\"en-US\",\"@id\":\"https:\/\/provimarcas.com\/#\/schema\/person\/image\/\",\"url\":\"https:\/\/secure.gravatar.com\/avatar\/d736cf8fba37316224357341441b8043?s=96&d=mm&r=g\",\"contentUrl\":\"https:\/\/secure.gravatar.com\/avatar\/d736cf8fba37316224357341441b8043?s=96&d=mm&r=g\",\"caption\":\"Paulina\"},\"url\":\"https:\/\/provimarcas.com\/en\/author\/paulina\/\"}]}<\/script>\n<!-- \/ Yoast SEO plugin. -->","yoast_head_json":{"title":"SIC AJUSTA TARIFAS DE PROPIEDAD INDUSTRIAL PARA EL 2026 - Provimarcas","robots":{"index":"index","follow":"follow","max-snippet":"max-snippet:-1","max-image-preview":"max-image-preview:large","max-video-preview":"max-video-preview:-1"},"canonical":"https:\/\/provimarcas.com\/en\/sic-ajusta-tarifas-de-propiedad-industrial-para-el-2026\/","og_locale":"en_US","og_type":"article","og_title":"SIC AJUSTA TARIFAS DE PROPIEDAD INDUSTRIAL PARA EL 2026 - Provimarcas","og_description":"Entre las modificaciones m\u00e1s relevantes se encuentra el aumento en la tarifa para la presentaci\u00f3n de oposici\u00f3n, que pasa a $ 616.000 [&hellip;]","og_url":"https:\/\/provimarcas.com\/en\/sic-ajusta-tarifas-de-propiedad-industrial-para-el-2026\/","og_site_name":"Provimarcas","article_publisher":"https:\/\/www.facebook.com\/provimarcas","article_published_time":"2025-12-16T12:54:20+00:00","article_modified_time":"2025-12-16T12:55:19+00:00","og_image":[{"width":800,"height":400,"url":"https:\/\/provimarcas.com\/wp-content\/uploads\/2025\/12\/internet-digital-dominiofreepik.jpg.webp","type":"image\/webp"}],"author":"Paulina","twitter_card":"summary_large_image","twitter_misc":{"Written by":"Paulina","Est. reading time":"2 minutes"},"schema":{"@context":"https:\/\/schema.org","@graph":[{"@type":"Article","@id":"https:\/\/provimarcas.com\/sic-ajusta-tarifas-de-propiedad-industrial-para-el-2026\/#article","isPartOf":{"@id":"https:\/\/provimarcas.com\/sic-ajusta-tarifas-de-propiedad-industrial-para-el-2026\/"},"author":{"name":"Paulina","@id":"https:\/\/provimarcas.com\/#\/schema\/person\/7d5bd4e128127041f65306151a79d5be"},"headline":"SIC AJUSTA TARIFAS DE PROPIEDAD INDUSTRIAL PARA EL 2026","datePublished":"2025-12-16T12:54:20+00:00","dateModified":"2025-12-16T12:55:19+00:00","mainEntityOfPage":{"@id":"https:\/\/provimarcas.com\/sic-ajusta-tarifas-de-propiedad-industrial-para-el-2026\/"},"wordCount":288,"commentCount":0,"publisher":{"@id":"https:\/\/provimarcas.com\/#organization"},"image":{"@id":"https:\/\/provimarcas.com\/sic-ajusta-tarifas-de-propiedad-industrial-para-el-2026\/#primaryimage"},"thumbnailUrl":"https:\/\/provimarcas.com\/wp-content\/uploads\/2025\/12\/internet-digital-dominiofreepik.jpg.webp","articleSection":["Espa\u00f1ol"],"inLanguage":"en-US","potentialAction":[{"@type":"CommentAction","name":"Comment","target":["https:\/\/provimarcas.com\/sic-ajusta-tarifas-de-propiedad-industrial-para-el-2026\/#respond"]}]},{"@type":"WebPage","@id":"https:\/\/provimarcas.com\/sic-ajusta-tarifas-de-propiedad-industrial-para-el-2026\/","url":"https:\/\/provimarcas.com\/sic-ajusta-tarifas-de-propiedad-industrial-para-el-2026\/","name":"SIC AJUSTA TARIFAS DE PROPIEDAD INDUSTRIAL PARA EL 2026 - Provimarcas","isPartOf":{"@id":"https:\/\/provimarcas.com\/#website"},"primaryImageOfPage":{"@id":"https:\/\/provimarcas.com\/sic-ajusta-tarifas-de-propiedad-industrial-para-el-2026\/#primaryimage"},"image":{"@id":"https:\/\/provimarcas.com\/sic-ajusta-tarifas-de-propiedad-industrial-para-el-2026\/#primaryimage"},"thumbnailUrl":"https:\/\/provimarcas.com\/wp-content\/uploads\/2025\/12\/internet-digital-dominiofreepik.jpg.webp","datePublished":"2025-12-16T12:54:20+00:00","dateModified":"2025-12-16T12:55:19+00:00","breadcrumb":{"@id":"https:\/\/provimarcas.com\/sic-ajusta-tarifas-de-propiedad-industrial-para-el-2026\/#breadcrumb"},"inLanguage":"en-US","potentialAction":[{"@type":"ReadAction","target":["https:\/\/provimarcas.com\/sic-ajusta-tarifas-de-propiedad-industrial-para-el-2026\/"]}]},{"@type":"ImageObject","inLanguage":"en-US","@id":"https:\/\/provimarcas.com\/sic-ajusta-tarifas-de-propiedad-industrial-para-el-2026\/#primaryimage","url":"https:\/\/provimarcas.com\/wp-content\/uploads\/2025\/12\/internet-digital-dominiofreepik.jpg.webp","contentUrl":"https:\/\/provimarcas.com\/wp-content\/uploads\/2025\/12\/internet-digital-dominiofreepik.jpg.webp","width":800,"height":400},{"@type":"BreadcrumbList","@id":"https:\/\/provimarcas.com\/sic-ajusta-tarifas-de-propiedad-industrial-para-el-2026\/#breadcrumb","itemListElement":[{"@type":"ListItem","position":1,"name":"Home","item":"https:\/\/provimarcas.com\/"},{"@type":"ListItem","position":2,"name":"SIC AJUSTA TARIFAS DE PROPIEDAD INDUSTRIAL PARA EL 2026"}]},{"@type":"WebSite","@id":"https:\/\/provimarcas.com\/#website","url":"https:\/\/provimarcas.com\/","name":"Provimarcas","description":"","publisher":{"@id":"https:\/\/provimarcas.com\/#organization"},"potentialAction":[{"@type":"SearchAction","target":{"@type":"EntryPoint","urlTemplate":"https:\/\/provimarcas.com\/?s={search_term_string}"},"query-input":"required name=search_term_string"}],"inLanguage":"en-US"},{"@type":"Organization","@id":"https:\/\/provimarcas.com\/#organization","name":"Provimarcas","url":"https:\/\/provimarcas.com\/","logo":{"@type":"ImageObject","inLanguage":"en-US","@id":"https:\/\/provimarcas.com\/#\/schema\/logo\/image\/","url":"https:\/\/provimarcas.com\/wp-content\/uploads\/2022\/09\/ingles_mobile-provimarcas.jpg","contentUrl":"https:\/\/provimarcas.com\/wp-content\/uploads\/2022\/09\/ingles_mobile-provimarcas.jpg","width":480,"height":420,"caption":"Provimarcas"},"image":{"@id":"https:\/\/provimarcas.com\/#\/schema\/logo\/image\/"},"sameAs":["https:\/\/www.facebook.com\/provimarcas"]},{"@type":"Person","@id":"https:\/\/provimarcas.com\/#\/schema\/person\/7d5bd4e128127041f65306151a79d5be","name":"Paulina","image":{"@type":"ImageObject","inLanguage":"en-US","@id":"https:\/\/provimarcas.com\/#\/schema\/person\/image\/","url":"https:\/\/secure.gravatar.com\/avatar\/d736cf8fba37316224357341441b8043?s=96&d=mm&r=g","contentUrl":"https:\/\/secure.gravatar.com\/avatar\/d736cf8fba37316224357341441b8043?s=96&d=mm&r=g","caption":"Paulina"},"url":"https:\/\/provimarcas.com\/en\/author\/paulina\/"}]}},"_links":{"self":[{"href":"https:\/\/provimarcas.com\/en\/wp-json\/wp\/v2\/posts\/13898"}],"collection":[{"href":"https:\/\/provimarcas.com\/en\/wp-json\/wp\/v2\/posts"}],"about":[{"href":"https:\/\/provimarcas.com\/en\/wp-json\/wp\/v2\/types\/post"}],"author":[{"embeddable":true,"href":"https:\/\/provimarcas.com\/en\/wp-json\/wp\/v2\/users\/3"}],"replies":[{"embeddable":true,"href":"https:\/\/provimarcas.com\/en\/wp-json\/wp\/v2\/comments?post=13898"}],"version-history":[{"count":1,"href":"https:\/\/provimarcas.com\/en\/wp-json\/wp\/v2\/posts\/13898\/revisions"}],"predecessor-version":[{"id":13899,"href":"https:\/\/provimarcas.com\/en\/wp-json\/wp\/v2\/posts\/13898\/revisions\/13899"}],"wp:featuredmedia":[{"embeddable":true,"href":"https:\/\/provimarcas.com\/en\/wp-json\/wp\/v2\/media\/13900"}],"wp:attachment":[{"href":"https:\/\/provimarcas.com\/en\/wp-json\/wp\/v2\/media?parent=13898"}],"wp:term":[{"taxonomy":"category","embeddable":true,"href":"https:\/\/provimarcas.com\/en\/wp-json\/wp\/v2\/categories?post=13898"},{"taxonomy":"post_tag","embeddable":true,"href":"https:\/\/provimarcas.com\/en\/wp-json\/wp\/v2\/tags?post=13898"}],"curies":[{"name":"wp","href":"https:\/\/api.w.org\/{rel}","templated":true}]}}