{"id":13908,"date":"2025-12-16T08:56:49","date_gmt":"2025-12-16T13:56:49","guid":{"rendered":"https:\/\/provimarcas.com\/?p=13908"},"modified":"2025-12-16T09:28:28","modified_gmt":"2025-12-16T14:28:28","slug":"termales-santa-rosa-de-cabal-se-enfrento-a-la-federacion-nacional-de-cafeteros-en-la-sic","status":"publish","type":"post","link":"https:\/\/provimarcas.com\/en\/termales-santa-rosa-de-cabal-se-enfrento-a-la-federacion-nacional-de-cafeteros-en-la-sic\/","title":{"rendered":"TERMALES SANTA ROSA DE CABAL SE ENFRENT\u00d3 A LA FEDERACI\u00d3N NACIONAL DE CAFETEROS EN LA SIC"},"content":{"rendered":"<p>La direcci\u00f3n estipul\u00f3 que la exclusividad de un signo recae en su conjunto, mas no en algunas expresiones geogr\u00e1ficas aisladas<\/p>\n\n\n\n<p>Al hablar de la Denominaci\u00f3n de Origen, DO, ante la Superintendencia de Industria y Comercio, SIC, se hace referencia a la garant\u00eda que respalda la procedencia y calidad de un producto, en este caso, el caf\u00e9.<\/p>\n\n\n\n<p>Hace poco, ante las instalaciones de la Superindustria, la empresa Recrefam SAS solicit\u00f3 registrar su marca Termales Santa Rosa de Cabal para las categor\u00edas 30 y 35 de la Clasificaci\u00f3n de Niza. Es decir, para regir la distribuci\u00f3n de bebidas a base a de caf\u00e9. No obstante, la Federaci\u00f3n Nacional de Cafeteros de Colombia se opuso a esta acci\u00f3n alegando que la solicitante infring\u00eda normas estatutarias que rigen al DO.<\/p>\n\n\n\n<p>Seg\u00fan Fedecaf\u00e9, Santa Rosa de Cabal, municipio ubicado en Risaralda, hace parte de la zona geogr\u00e1fica protegida por la DO Caf\u00e9 de Colombia. Por ello, usar su nombre para comercializar productos derivados del caf\u00e9 podr\u00eda llevar a los consumidores a creer que dichos productos cuentan con las caracter\u00edsticas propias del caf\u00e9 ar\u00e1bigo reconocido por esa denominaci\u00f3n.<\/p>\n\n\n\n<p>Recrefam respondi\u00f3 a la oposici\u00f3n alegando que su signo no reproduce ni evoca la Denominaci\u00f3n de Origen, pues cuenta con elementos fon\u00e9ticos, gr\u00e1ficos y conceptuales que lo diferencian del Caf\u00e9 de Colombia. Por ello, sostuvo que no inducir\u00eda a los consumidores a error sobre el origen de sus productos. Tambi\u00e9n, la solicitante demostr\u00f3 que su marca lleva coexistiendo con las pautas de Fedecaf\u00e9 por m\u00e1s de 10 a\u00f1os.<\/p>\n\n\n\n<p>La SIC declar\u00f3 infundada la oposici\u00f3n de Fedecaf\u00e9 y le concedi\u00f3 el registro a la solicitante, ya que se evidenci\u00f3 que los productos del signo no se atribuyen a falsedades. La Direcci\u00f3n destac\u00f3 que, Recrefam no imita ni contiene la Denominaci\u00f3n de Origen del Caf\u00e9 de Colombia y que el solo nombrar a una locaci\u00f3n en donde se cosecha este producto no es raz\u00f3n suficiente para negar un registro.<\/p>\n\n\n\n<p>Informaci\u00f3n tomada de Asuntos Legales: <a href=\"https:\/\/www.asuntoslegales.com.co\/pleitos\/termales-santa-rosa-de-cabal-se-enfrento-a-la-federacion-nacional-de-cafeteros-en-la-sic-4288870\">https:\/\/www.asuntoslegales.com.co\/pleitos\/termales-santa-rosa-de-cabal-se-enfrento-a-la-federacion-nacional-de-cafeteros-en-la-sic-4288870<\/a><\/p>\n\n\n\n<p>#Fedecaf\u00e9 #pleitodemarcas #LaSuperintendenciadeIndustriayComercio<\/p>\n\n\n\n<p><\/p>","protected":false},"excerpt":{"rendered":"<p>La direcci\u00f3n estipul\u00f3 que la exclusividad de un signo recae en su conjunto, mas no en algunas expresiones geogr\u00e1ficas aisladas Al hablar [&hellip;]<\/p>","protected":false},"author":3,"featured_media":13910,"comment_status":"open","ping_status":"open","sticky":false,"template":"","format":"standard","meta":{"footnotes":""},"categories":[9],"tags":[],"yoast_head":"<!-- This site is optimized with the Yoast SEO plugin v23.2 - https:\/\/yoast.com\/wordpress\/plugins\/seo\/ -->\n<title>TERMALES SANTA ROSA DE CABAL SE ENFRENT\u00d3 A LA FEDERACI\u00d3N NACIONAL DE CAFETEROS EN LA SIC - Provimarcas<\/title>\n<meta name=\"robots\" content=\"index, follow, max-snippet:-1, max-image-preview:large, max-video-preview:-1\" \/>\n<link rel=\"canonical\" href=\"https:\/\/provimarcas.com\/en\/termales-santa-rosa-de-cabal-se-enfrento-a-la-federacion-nacional-de-cafeteros-en-la-sic\/\" \/>\n<meta property=\"og:locale\" content=\"en_US\" \/>\n<meta property=\"og:type\" content=\"article\" \/>\n<meta property=\"og:title\" content=\"TERMALES SANTA ROSA DE CABAL SE ENFRENT\u00d3 A LA FEDERACI\u00d3N NACIONAL DE CAFETEROS EN LA SIC - Provimarcas\" \/>\n<meta property=\"og:description\" content=\"La direcci\u00f3n estipul\u00f3 que la exclusividad de un signo recae en su conjunto, mas no en algunas expresiones geogr\u00e1ficas aisladas Al hablar [&hellip;]\" \/>\n<meta property=\"og:url\" content=\"https:\/\/provimarcas.com\/en\/termales-santa-rosa-de-cabal-se-enfrento-a-la-federacion-nacional-de-cafeteros-en-la-sic\/\" \/>\n<meta property=\"og:site_name\" content=\"Provimarcas\" \/>\n<meta property=\"article:publisher\" content=\"https:\/\/www.facebook.com\/provimarcas\" \/>\n<meta property=\"article:published_time\" content=\"2025-12-16T13:56:49+00:00\" \/>\n<meta property=\"article:modified_time\" content=\"2025-12-16T14:28:28+00:00\" \/>\n<meta property=\"og:image\" content=\"https:\/\/provimarcas.com\/wp-content\/uploads\/2025\/12\/Termales-Santa-Rosa-de-Cabal.webp\" \/>\n\t<meta property=\"og:image:width\" content=\"1080\" \/>\n\t<meta property=\"og:image:height\" content=\"900\" \/>\n\t<meta property=\"og:image:type\" content=\"image\/webp\" \/>\n<meta name=\"author\" content=\"Paulina\" \/>\n<meta name=\"twitter:card\" content=\"summary_large_image\" \/>\n<meta name=\"twitter:label1\" content=\"Written by\" \/>\n\t<meta name=\"twitter:data1\" content=\"Paulina\" \/>\n\t<meta name=\"twitter:label2\" content=\"Est. reading time\" \/>\n\t<meta name=\"twitter:data2\" content=\"2 minutes\" \/>\n<script type=\"application\/ld+json\" class=\"yoast-schema-graph\">{\"@context\":\"https:\/\/schema.org\",\"@graph\":[{\"@type\":\"Article\",\"@id\":\"https:\/\/provimarcas.com\/termales-santa-rosa-de-cabal-se-enfrento-a-la-federacion-nacional-de-cafeteros-en-la-sic\/#article\",\"isPartOf\":{\"@id\":\"https:\/\/provimarcas.com\/termales-santa-rosa-de-cabal-se-enfrento-a-la-federacion-nacional-de-cafeteros-en-la-sic\/\"},\"author\":{\"name\":\"Paulina\",\"@id\":\"https:\/\/provimarcas.com\/#\/schema\/person\/7d5bd4e128127041f65306151a79d5be\"},\"headline\":\"TERMALES SANTA ROSA DE CABAL SE ENFRENT\u00d3 A LA FEDERACI\u00d3N NACIONAL DE CAFETEROS EN LA SIC\",\"datePublished\":\"2025-12-16T13:56:49+00:00\",\"dateModified\":\"2025-12-16T14:28:28+00:00\",\"mainEntityOfPage\":{\"@id\":\"https:\/\/provimarcas.com\/termales-santa-rosa-de-cabal-se-enfrento-a-la-federacion-nacional-de-cafeteros-en-la-sic\/\"},\"wordCount\":378,\"commentCount\":0,\"publisher\":{\"@id\":\"https:\/\/provimarcas.com\/#organization\"},\"image\":{\"@id\":\"https:\/\/provimarcas.com\/termales-santa-rosa-de-cabal-se-enfrento-a-la-federacion-nacional-de-cafeteros-en-la-sic\/#primaryimage\"},\"thumbnailUrl\":\"https:\/\/provimarcas.com\/wp-content\/uploads\/2025\/12\/Termales-Santa-Rosa-de-Cabal.webp\",\"articleSection\":[\"Espa\u00f1ol\"],\"inLanguage\":\"en-US\",\"potentialAction\":[{\"@type\":\"CommentAction\",\"name\":\"Comment\",\"target\":[\"https:\/\/provimarcas.com\/termales-santa-rosa-de-cabal-se-enfrento-a-la-federacion-nacional-de-cafeteros-en-la-sic\/#respond\"]}]},{\"@type\":\"WebPage\",\"@id\":\"https:\/\/provimarcas.com\/termales-santa-rosa-de-cabal-se-enfrento-a-la-federacion-nacional-de-cafeteros-en-la-sic\/\",\"url\":\"https:\/\/provimarcas.com\/termales-santa-rosa-de-cabal-se-enfrento-a-la-federacion-nacional-de-cafeteros-en-la-sic\/\",\"name\":\"TERMALES SANTA ROSA DE CABAL SE ENFRENT\u00d3 A LA FEDERACI\u00d3N NACIONAL DE CAFETEROS EN LA SIC - Provimarcas\",\"isPartOf\":{\"@id\":\"https:\/\/provimarcas.com\/#website\"},\"primaryImageOfPage\":{\"@id\":\"https:\/\/provimarcas.com\/termales-santa-rosa-de-cabal-se-enfrento-a-la-federacion-nacional-de-cafeteros-en-la-sic\/#primaryimage\"},\"image\":{\"@id\":\"https:\/\/provimarcas.com\/termales-santa-rosa-de-cabal-se-enfrento-a-la-federacion-nacional-de-cafeteros-en-la-sic\/#primaryimage\"},\"thumbnailUrl\":\"https:\/\/provimarcas.com\/wp-content\/uploads\/2025\/12\/Termales-Santa-Rosa-de-Cabal.webp\",\"datePublished\":\"2025-12-16T13:56:49+00:00\",\"dateModified\":\"2025-12-16T14:28:28+00:00\",\"breadcrumb\":{\"@id\":\"https:\/\/provimarcas.com\/termales-santa-rosa-de-cabal-se-enfrento-a-la-federacion-nacional-de-cafeteros-en-la-sic\/#breadcrumb\"},\"inLanguage\":\"en-US\",\"potentialAction\":[{\"@type\":\"ReadAction\",\"target\":[\"https:\/\/provimarcas.com\/termales-santa-rosa-de-cabal-se-enfrento-a-la-federacion-nacional-de-cafeteros-en-la-sic\/\"]}]},{\"@type\":\"ImageObject\",\"inLanguage\":\"en-US\",\"@id\":\"https:\/\/provimarcas.com\/termales-santa-rosa-de-cabal-se-enfrento-a-la-federacion-nacional-de-cafeteros-en-la-sic\/#primaryimage\",\"url\":\"https:\/\/provimarcas.com\/wp-content\/uploads\/2025\/12\/Termales-Santa-Rosa-de-Cabal.webp\",\"contentUrl\":\"https:\/\/provimarcas.com\/wp-content\/uploads\/2025\/12\/Termales-Santa-Rosa-de-Cabal.webp\",\"width\":1080,\"height\":900},{\"@type\":\"BreadcrumbList\",\"@id\":\"https:\/\/provimarcas.com\/termales-santa-rosa-de-cabal-se-enfrento-a-la-federacion-nacional-de-cafeteros-en-la-sic\/#breadcrumb\",\"itemListElement\":[{\"@type\":\"ListItem\",\"position\":1,\"name\":\"Home\",\"item\":\"https:\/\/provimarcas.com\/\"},{\"@type\":\"ListItem\",\"position\":2,\"name\":\"TERMALES SANTA ROSA DE CABAL SE ENFRENT\u00d3 A LA FEDERACI\u00d3N NACIONAL DE CAFETEROS EN LA SIC\"}]},{\"@type\":\"WebSite\",\"@id\":\"https:\/\/provimarcas.com\/#website\",\"url\":\"https:\/\/provimarcas.com\/\",\"name\":\"Provimarcas\",\"description\":\"\",\"publisher\":{\"@id\":\"https:\/\/provimarcas.com\/#organization\"},\"potentialAction\":[{\"@type\":\"SearchAction\",\"target\":{\"@type\":\"EntryPoint\",\"urlTemplate\":\"https:\/\/provimarcas.com\/?s={search_term_string}\"},\"query-input\":\"required name=search_term_string\"}],\"inLanguage\":\"en-US\"},{\"@type\":\"Organization\",\"@id\":\"https:\/\/provimarcas.com\/#organization\",\"name\":\"Provimarcas\",\"url\":\"https:\/\/provimarcas.com\/\",\"logo\":{\"@type\":\"ImageObject\",\"inLanguage\":\"en-US\",\"@id\":\"https:\/\/provimarcas.com\/#\/schema\/logo\/image\/\",\"url\":\"https:\/\/provimarcas.com\/wp-content\/uploads\/2022\/09\/ingles_mobile-provimarcas.jpg\",\"contentUrl\":\"https:\/\/provimarcas.com\/wp-content\/uploads\/2022\/09\/ingles_mobile-provimarcas.jpg\",\"width\":480,\"height\":420,\"caption\":\"Provimarcas\"},\"image\":{\"@id\":\"https:\/\/provimarcas.com\/#\/schema\/logo\/image\/\"},\"sameAs\":[\"https:\/\/www.facebook.com\/provimarcas\"]},{\"@type\":\"Person\",\"@id\":\"https:\/\/provimarcas.com\/#\/schema\/person\/7d5bd4e128127041f65306151a79d5be\",\"name\":\"Paulina\",\"image\":{\"@type\":\"ImageObject\",\"inLanguage\":\"en-US\",\"@id\":\"https:\/\/provimarcas.com\/#\/schema\/person\/image\/\",\"url\":\"https:\/\/secure.gravatar.com\/avatar\/d736cf8fba37316224357341441b8043?s=96&d=mm&r=g\",\"contentUrl\":\"https:\/\/secure.gravatar.com\/avatar\/d736cf8fba37316224357341441b8043?s=96&d=mm&r=g\",\"caption\":\"Paulina\"},\"url\":\"https:\/\/provimarcas.com\/en\/author\/paulina\/\"}]}<\/script>\n<!-- \/ Yoast SEO plugin. -->","yoast_head_json":{"title":"TERMALES SANTA ROSA DE CABAL SE ENFRENT\u00d3 A LA FEDERACI\u00d3N NACIONAL DE CAFETEROS EN LA SIC - Provimarcas","robots":{"index":"index","follow":"follow","max-snippet":"max-snippet:-1","max-image-preview":"max-image-preview:large","max-video-preview":"max-video-preview:-1"},"canonical":"https:\/\/provimarcas.com\/en\/termales-santa-rosa-de-cabal-se-enfrento-a-la-federacion-nacional-de-cafeteros-en-la-sic\/","og_locale":"en_US","og_type":"article","og_title":"TERMALES SANTA ROSA DE CABAL SE ENFRENT\u00d3 A LA FEDERACI\u00d3N NACIONAL DE CAFETEROS EN LA SIC - Provimarcas","og_description":"La direcci\u00f3n estipul\u00f3 que la exclusividad de un signo recae en su conjunto, mas no en algunas expresiones geogr\u00e1ficas aisladas Al hablar [&hellip;]","og_url":"https:\/\/provimarcas.com\/en\/termales-santa-rosa-de-cabal-se-enfrento-a-la-federacion-nacional-de-cafeteros-en-la-sic\/","og_site_name":"Provimarcas","article_publisher":"https:\/\/www.facebook.com\/provimarcas","article_published_time":"2025-12-16T13:56:49+00:00","article_modified_time":"2025-12-16T14:28:28+00:00","og_image":[{"width":1080,"height":900,"url":"https:\/\/provimarcas.com\/wp-content\/uploads\/2025\/12\/Termales-Santa-Rosa-de-Cabal.webp","type":"image\/webp"}],"author":"Paulina","twitter_card":"summary_large_image","twitter_misc":{"Written by":"Paulina","Est. reading time":"2 minutes"},"schema":{"@context":"https:\/\/schema.org","@graph":[{"@type":"Article","@id":"https:\/\/provimarcas.com\/termales-santa-rosa-de-cabal-se-enfrento-a-la-federacion-nacional-de-cafeteros-en-la-sic\/#article","isPartOf":{"@id":"https:\/\/provimarcas.com\/termales-santa-rosa-de-cabal-se-enfrento-a-la-federacion-nacional-de-cafeteros-en-la-sic\/"},"author":{"name":"Paulina","@id":"https:\/\/provimarcas.com\/#\/schema\/person\/7d5bd4e128127041f65306151a79d5be"},"headline":"TERMALES SANTA ROSA DE CABAL SE ENFRENT\u00d3 A LA FEDERACI\u00d3N NACIONAL DE CAFETEROS EN LA SIC","datePublished":"2025-12-16T13:56:49+00:00","dateModified":"2025-12-16T14:28:28+00:00","mainEntityOfPage":{"@id":"https:\/\/provimarcas.com\/termales-santa-rosa-de-cabal-se-enfrento-a-la-federacion-nacional-de-cafeteros-en-la-sic\/"},"wordCount":378,"commentCount":0,"publisher":{"@id":"https:\/\/provimarcas.com\/#organization"},"image":{"@id":"https:\/\/provimarcas.com\/termales-santa-rosa-de-cabal-se-enfrento-a-la-federacion-nacional-de-cafeteros-en-la-sic\/#primaryimage"},"thumbnailUrl":"https:\/\/provimarcas.com\/wp-content\/uploads\/2025\/12\/Termales-Santa-Rosa-de-Cabal.webp","articleSection":["Espa\u00f1ol"],"inLanguage":"en-US","potentialAction":[{"@type":"CommentAction","name":"Comment","target":["https:\/\/provimarcas.com\/termales-santa-rosa-de-cabal-se-enfrento-a-la-federacion-nacional-de-cafeteros-en-la-sic\/#respond"]}]},{"@type":"WebPage","@id":"https:\/\/provimarcas.com\/termales-santa-rosa-de-cabal-se-enfrento-a-la-federacion-nacional-de-cafeteros-en-la-sic\/","url":"https:\/\/provimarcas.com\/termales-santa-rosa-de-cabal-se-enfrento-a-la-federacion-nacional-de-cafeteros-en-la-sic\/","name":"TERMALES SANTA ROSA DE CABAL SE ENFRENT\u00d3 A LA FEDERACI\u00d3N NACIONAL DE CAFETEROS EN LA SIC - Provimarcas","isPartOf":{"@id":"https:\/\/provimarcas.com\/#website"},"primaryImageOfPage":{"@id":"https:\/\/provimarcas.com\/termales-santa-rosa-de-cabal-se-enfrento-a-la-federacion-nacional-de-cafeteros-en-la-sic\/#primaryimage"},"image":{"@id":"https:\/\/provimarcas.com\/termales-santa-rosa-de-cabal-se-enfrento-a-la-federacion-nacional-de-cafeteros-en-la-sic\/#primaryimage"},"thumbnailUrl":"https:\/\/provimarcas.com\/wp-content\/uploads\/2025\/12\/Termales-Santa-Rosa-de-Cabal.webp","datePublished":"2025-12-16T13:56:49+00:00","dateModified":"2025-12-16T14:28:28+00:00","breadcrumb":{"@id":"https:\/\/provimarcas.com\/termales-santa-rosa-de-cabal-se-enfrento-a-la-federacion-nacional-de-cafeteros-en-la-sic\/#breadcrumb"},"inLanguage":"en-US","potentialAction":[{"@type":"ReadAction","target":["https:\/\/provimarcas.com\/termales-santa-rosa-de-cabal-se-enfrento-a-la-federacion-nacional-de-cafeteros-en-la-sic\/"]}]},{"@type":"ImageObject","inLanguage":"en-US","@id":"https:\/\/provimarcas.com\/termales-santa-rosa-de-cabal-se-enfrento-a-la-federacion-nacional-de-cafeteros-en-la-sic\/#primaryimage","url":"https:\/\/provimarcas.com\/wp-content\/uploads\/2025\/12\/Termales-Santa-Rosa-de-Cabal.webp","contentUrl":"https:\/\/provimarcas.com\/wp-content\/uploads\/2025\/12\/Termales-Santa-Rosa-de-Cabal.webp","width":1080,"height":900},{"@type":"BreadcrumbList","@id":"https:\/\/provimarcas.com\/termales-santa-rosa-de-cabal-se-enfrento-a-la-federacion-nacional-de-cafeteros-en-la-sic\/#breadcrumb","itemListElement":[{"@type":"ListItem","position":1,"name":"Home","item":"https:\/\/provimarcas.com\/"},{"@type":"ListItem","position":2,"name":"TERMALES SANTA ROSA DE CABAL SE ENFRENT\u00d3 A LA FEDERACI\u00d3N NACIONAL DE CAFETEROS EN LA SIC"}]},{"@type":"WebSite","@id":"https:\/\/provimarcas.com\/#website","url":"https:\/\/provimarcas.com\/","name":"Provimarcas","description":"","publisher":{"@id":"https:\/\/provimarcas.com\/#organization"},"potentialAction":[{"@type":"SearchAction","target":{"@type":"EntryPoint","urlTemplate":"https:\/\/provimarcas.com\/?s={search_term_string}"},"query-input":"required name=search_term_string"}],"inLanguage":"en-US"},{"@type":"Organization","@id":"https:\/\/provimarcas.com\/#organization","name":"Provimarcas","url":"https:\/\/provimarcas.com\/","logo":{"@type":"ImageObject","inLanguage":"en-US","@id":"https:\/\/provimarcas.com\/#\/schema\/logo\/image\/","url":"https:\/\/provimarcas.com\/wp-content\/uploads\/2022\/09\/ingles_mobile-provimarcas.jpg","contentUrl":"https:\/\/provimarcas.com\/wp-content\/uploads\/2022\/09\/ingles_mobile-provimarcas.jpg","width":480,"height":420,"caption":"Provimarcas"},"image":{"@id":"https:\/\/provimarcas.com\/#\/schema\/logo\/image\/"},"sameAs":["https:\/\/www.facebook.com\/provimarcas"]},{"@type":"Person","@id":"https:\/\/provimarcas.com\/#\/schema\/person\/7d5bd4e128127041f65306151a79d5be","name":"Paulina","image":{"@type":"ImageObject","inLanguage":"en-US","@id":"https:\/\/provimarcas.com\/#\/schema\/person\/image\/","url":"https:\/\/secure.gravatar.com\/avatar\/d736cf8fba37316224357341441b8043?s=96&d=mm&r=g","contentUrl":"https:\/\/secure.gravatar.com\/avatar\/d736cf8fba37316224357341441b8043?s=96&d=mm&r=g","caption":"Paulina"},"url":"https:\/\/provimarcas.com\/en\/author\/paulina\/"}]}},"_links":{"self":[{"href":"https:\/\/provimarcas.com\/en\/wp-json\/wp\/v2\/posts\/13908"}],"collection":[{"href":"https:\/\/provimarcas.com\/en\/wp-json\/wp\/v2\/posts"}],"about":[{"href":"https:\/\/provimarcas.com\/en\/wp-json\/wp\/v2\/types\/post"}],"author":[{"embeddable":true,"href":"https:\/\/provimarcas.com\/en\/wp-json\/wp\/v2\/users\/3"}],"replies":[{"embeddable":true,"href":"https:\/\/provimarcas.com\/en\/wp-json\/wp\/v2\/comments?post=13908"}],"version-history":[{"count":1,"href":"https:\/\/provimarcas.com\/en\/wp-json\/wp\/v2\/posts\/13908\/revisions"}],"predecessor-version":[{"id":13909,"href":"https:\/\/provimarcas.com\/en\/wp-json\/wp\/v2\/posts\/13908\/revisions\/13909"}],"wp:featuredmedia":[{"embeddable":true,"href":"https:\/\/provimarcas.com\/en\/wp-json\/wp\/v2\/media\/13910"}],"wp:attachment":[{"href":"https:\/\/provimarcas.com\/en\/wp-json\/wp\/v2\/media?parent=13908"}],"wp:term":[{"taxonomy":"category","embeddable":true,"href":"https:\/\/provimarcas.com\/en\/wp-json\/wp\/v2\/categories?post=13908"},{"taxonomy":"post_tag","embeddable":true,"href":"https:\/\/provimarcas.com\/en\/wp-json\/wp\/v2\/tags?post=13908"}],"curies":[{"name":"wp","href":"https:\/\/api.w.org\/{rel}","templated":true}]}}