{"id":13911,"date":"2025-12-18T07:53:58","date_gmt":"2025-12-18T12:53:58","guid":{"rendered":"https:\/\/provimarcas.com\/?p=13911"},"modified":"2025-12-18T17:25:42","modified_gmt":"2025-12-18T22:25:42","slug":"tuplus-de-grupo-aval-se-opuso-al-registro-de-nu-plus-de-nubank-en-la-superindustria","status":"publish","type":"post","link":"https:\/\/provimarcas.com\/en\/tuplus-de-grupo-aval-se-opuso-al-registro-de-nu-plus-de-nubank-en-la-superindustria\/","title":{"rendered":"TUPL\u00daS, DE GRUPO AVAL, SE OPUSO AL REGISTRO DE NU PLUS, DE NUBANK, EN LA SUPERINDUSTRIA"},"content":{"rendered":"<p>La direcci\u00f3n concluy\u00f3 que no exist\u00eda riesgo de confusi\u00f3n ni de asociaci\u00f3n entre los signos, pues cada uno presenta diferencias sustanciales<\/p>\n\n\n\n<p>Dos gigantes del sector financiero se enfrentaron recientemente en un pleito de marcas. No fue un David contra Goliat, sino una pelea de titanes por el registro de un producto financiero.<\/p>\n\n\n\n<p>Nu Bank, de David V\u00e9lez, se enfrent\u00f3 al Grupo Aval, de Luis Carlos Sarmiento \u00c1ngulo, luego de que el neobanco acudiera a la Superintendencia de Industria y Comercio, SIC, para registrar la marca Nu Plus, destinada a distinguir productos en la clase 42 de la Clasificaci\u00f3n Internacional de Niza, para la distribuci\u00f3n de servicios inform\u00e1ticos y de verificaci\u00f3n de datos.<\/p>\n\n\n\n<p>El Grupo Aval consider\u00f3 que resultaba confundible con su signo previamente registrado Tupl\u00fas. Seg\u00fan el conglomerado financiero, ambos signos presentan similitudes ortogr\u00e1ficas, fon\u00e9ticas y gramaticales relevantes, especialmente por compartir la estructura de dos s\u00edlabas y la adici\u00f3n del t\u00e9rmino \u201cplus\u201d, lo que, a su juicio, incrementa el riesgo de confusi\u00f3n o asociaci\u00f3n en la mente del consumidor.<\/p>\n\n\n\n<p>Adem\u00e1s, Aval argument\u00f3 que su marca goza de una alta recordaci\u00f3n en el mercado y que los servicios que pretende amparar Nu Plus en la clase 42 guardan una conexi\u00f3n competitiva con los que ya identifica Tupl\u00fas. Sostuvo que permitir el registro afectar\u00eda la distintividad de su signo y podr\u00eda inducir al p\u00fablico a creer que ambos servicios provienen del mismo origen empresarial.<\/p>\n\n\n\n<p>Nu Pagamentos defendi\u00f3 que Nu Plus hace parte de una amplia familia de marcas construida alrededor del elemento distintivo \u201cNU\u201d, ampliamente reconocido por los consumidores en Colombia y otros mercados.<\/p>\n\n\n\n<p>Seg\u00fan el neobanco, ese componente es el dominante del signo y le otorga suficiente fuerza distintiva para evitar cualquier riesgo de confusi\u00f3n con marcas de terceros. Nu Bank se\u00f1al\u00f3 que el t\u00e9rmino \u201cplus\u201d es de uso com\u00fan en las clases involucradas, por lo que no puede ser apropiado de manera exclusiva.<\/p>\n\n\n\n<p>La SIC concluy\u00f3 que no exist\u00eda riesgo de confusi\u00f3n ni de asociaci\u00f3n entre los signos Nu Plus y Tupl\u00fas, al considerar que, analizados en su conjunto, presentan diferencias suficientes desde el punto de vista conceptual, nominativo y distintivo. Declar\u00f3 infundada la oposici\u00f3n presentada por el Grupo Aval y concedi\u00f3 el registro de la marca de Nu Bank, para distinguir servicios de la clase 42 de la Clasificaci\u00f3n Internacional de Niza.<\/p>\n\n\n\n<p>Informaci\u00f3n tomada de Asuntos Legales: <a href=\"https:\/\/www.asuntoslegales.com.co\/pleitos\/tuplus-de-grupo-aval-se-opuso-al-registro-de-nu-plus-de-nubank-en-la-superindustria-4292431\">https:\/\/www.asuntoslegales.com.co\/pleitos\/tuplus-de-grupo-aval-se-opuso-al-registro-de-nu-plus-de-nubank-en-la-superindustria-4292431<\/a><\/p>\n\n\n\n<p>#pleitosdemarcas #superintendenciadeindustriaycomercio #grupoaval #nubank #SIC #superintendenciadeindustriaycomercio<\/p>\n\n\n\n<p><\/p>","protected":false},"excerpt":{"rendered":"<p>La direcci\u00f3n concluy\u00f3 que no exist\u00eda riesgo de confusi\u00f3n ni de asociaci\u00f3n entre los signos, pues cada uno presenta diferencias sustanciales Dos [&hellip;]<\/p>","protected":false},"author":3,"featured_media":13913,"comment_status":"open","ping_status":"open","sticky":false,"template":"","format":"standard","meta":{"footnotes":""},"categories":[9],"tags":[],"yoast_head":"<!-- This site is optimized with the Yoast SEO plugin v23.2 - https:\/\/yoast.com\/wordpress\/plugins\/seo\/ -->\n<title>TUPL\u00daS, DE GRUPO AVAL, SE OPUSO AL REGISTRO DE NU PLUS, DE NUBANK, EN LA SUPERINDUSTRIA - Provimarcas<\/title>\n<meta name=\"robots\" content=\"index, follow, max-snippet:-1, max-image-preview:large, max-video-preview:-1\" \/>\n<link rel=\"canonical\" href=\"https:\/\/provimarcas.com\/en\/tuplus-de-grupo-aval-se-opuso-al-registro-de-nu-plus-de-nubank-en-la-superindustria\/\" \/>\n<meta property=\"og:locale\" content=\"en_US\" \/>\n<meta property=\"og:type\" content=\"article\" \/>\n<meta property=\"og:title\" content=\"TUPL\u00daS, DE GRUPO AVAL, SE OPUSO AL REGISTRO DE NU PLUS, DE NUBANK, EN LA SUPERINDUSTRIA - Provimarcas\" \/>\n<meta property=\"og:description\" content=\"La direcci\u00f3n concluy\u00f3 que no exist\u00eda riesgo de confusi\u00f3n ni de asociaci\u00f3n entre los signos, pues cada uno presenta diferencias sustanciales Dos [&hellip;]\" \/>\n<meta property=\"og:url\" content=\"https:\/\/provimarcas.com\/en\/tuplus-de-grupo-aval-se-opuso-al-registro-de-nu-plus-de-nubank-en-la-superindustria\/\" \/>\n<meta property=\"og:site_name\" content=\"Provimarcas\" \/>\n<meta property=\"article:publisher\" content=\"https:\/\/www.facebook.com\/provimarcas\" \/>\n<meta property=\"article:published_time\" content=\"2025-12-18T12:53:58+00:00\" \/>\n<meta property=\"article:modified_time\" content=\"2025-12-18T22:25:42+00:00\" \/>\n<meta property=\"og:image\" content=\"https:\/\/provimarcas.com\/wp-content\/uploads\/2025\/12\/nu.webp\" \/>\n\t<meta property=\"og:image:width\" content=\"1080\" \/>\n\t<meta property=\"og:image:height\" content=\"900\" \/>\n\t<meta property=\"og:image:type\" content=\"image\/webp\" \/>\n<meta name=\"author\" content=\"Paulina\" \/>\n<meta name=\"twitter:card\" content=\"summary_large_image\" \/>\n<meta name=\"twitter:label1\" content=\"Written by\" \/>\n\t<meta name=\"twitter:data1\" content=\"Paulina\" \/>\n\t<meta name=\"twitter:label2\" content=\"Est. reading time\" \/>\n\t<meta name=\"twitter:data2\" content=\"3 minutes\" \/>\n<script type=\"application\/ld+json\" class=\"yoast-schema-graph\">{\"@context\":\"https:\/\/schema.org\",\"@graph\":[{\"@type\":\"Article\",\"@id\":\"https:\/\/provimarcas.com\/tuplus-de-grupo-aval-se-opuso-al-registro-de-nu-plus-de-nubank-en-la-superindustria\/#article\",\"isPartOf\":{\"@id\":\"https:\/\/provimarcas.com\/tuplus-de-grupo-aval-se-opuso-al-registro-de-nu-plus-de-nubank-en-la-superindustria\/\"},\"author\":{\"name\":\"Paulina\",\"@id\":\"https:\/\/provimarcas.com\/#\/schema\/person\/7d5bd4e128127041f65306151a79d5be\"},\"headline\":\"TUPL\u00daS, DE GRUPO AVAL, SE OPUSO AL REGISTRO DE NU PLUS, DE NUBANK, EN LA SUPERINDUSTRIA\",\"datePublished\":\"2025-12-18T12:53:58+00:00\",\"dateModified\":\"2025-12-18T22:25:42+00:00\",\"mainEntityOfPage\":{\"@id\":\"https:\/\/provimarcas.com\/tuplus-de-grupo-aval-se-opuso-al-registro-de-nu-plus-de-nubank-en-la-superindustria\/\"},\"wordCount\":452,\"commentCount\":0,\"publisher\":{\"@id\":\"https:\/\/provimarcas.com\/#organization\"},\"image\":{\"@id\":\"https:\/\/provimarcas.com\/tuplus-de-grupo-aval-se-opuso-al-registro-de-nu-plus-de-nubank-en-la-superindustria\/#primaryimage\"},\"thumbnailUrl\":\"https:\/\/provimarcas.com\/wp-content\/uploads\/2025\/12\/nu.webp\",\"articleSection\":[\"Espa\u00f1ol\"],\"inLanguage\":\"en-US\",\"potentialAction\":[{\"@type\":\"CommentAction\",\"name\":\"Comment\",\"target\":[\"https:\/\/provimarcas.com\/tuplus-de-grupo-aval-se-opuso-al-registro-de-nu-plus-de-nubank-en-la-superindustria\/#respond\"]}]},{\"@type\":\"WebPage\",\"@id\":\"https:\/\/provimarcas.com\/tuplus-de-grupo-aval-se-opuso-al-registro-de-nu-plus-de-nubank-en-la-superindustria\/\",\"url\":\"https:\/\/provimarcas.com\/tuplus-de-grupo-aval-se-opuso-al-registro-de-nu-plus-de-nubank-en-la-superindustria\/\",\"name\":\"TUPL\u00daS, DE GRUPO AVAL, SE OPUSO AL REGISTRO DE NU PLUS, DE NUBANK, EN LA SUPERINDUSTRIA - Provimarcas\",\"isPartOf\":{\"@id\":\"https:\/\/provimarcas.com\/#website\"},\"primaryImageOfPage\":{\"@id\":\"https:\/\/provimarcas.com\/tuplus-de-grupo-aval-se-opuso-al-registro-de-nu-plus-de-nubank-en-la-superindustria\/#primaryimage\"},\"image\":{\"@id\":\"https:\/\/provimarcas.com\/tuplus-de-grupo-aval-se-opuso-al-registro-de-nu-plus-de-nubank-en-la-superindustria\/#primaryimage\"},\"thumbnailUrl\":\"https:\/\/provimarcas.com\/wp-content\/uploads\/2025\/12\/nu.webp\",\"datePublished\":\"2025-12-18T12:53:58+00:00\",\"dateModified\":\"2025-12-18T22:25:42+00:00\",\"breadcrumb\":{\"@id\":\"https:\/\/provimarcas.com\/tuplus-de-grupo-aval-se-opuso-al-registro-de-nu-plus-de-nubank-en-la-superindustria\/#breadcrumb\"},\"inLanguage\":\"en-US\",\"potentialAction\":[{\"@type\":\"ReadAction\",\"target\":[\"https:\/\/provimarcas.com\/tuplus-de-grupo-aval-se-opuso-al-registro-de-nu-plus-de-nubank-en-la-superindustria\/\"]}]},{\"@type\":\"ImageObject\",\"inLanguage\":\"en-US\",\"@id\":\"https:\/\/provimarcas.com\/tuplus-de-grupo-aval-se-opuso-al-registro-de-nu-plus-de-nubank-en-la-superindustria\/#primaryimage\",\"url\":\"https:\/\/provimarcas.com\/wp-content\/uploads\/2025\/12\/nu.webp\",\"contentUrl\":\"https:\/\/provimarcas.com\/wp-content\/uploads\/2025\/12\/nu.webp\",\"width\":1080,\"height\":900},{\"@type\":\"BreadcrumbList\",\"@id\":\"https:\/\/provimarcas.com\/tuplus-de-grupo-aval-se-opuso-al-registro-de-nu-plus-de-nubank-en-la-superindustria\/#breadcrumb\",\"itemListElement\":[{\"@type\":\"ListItem\",\"position\":1,\"name\":\"Home\",\"item\":\"https:\/\/provimarcas.com\/\"},{\"@type\":\"ListItem\",\"position\":2,\"name\":\"TUPL\u00daS, DE GRUPO AVAL, SE OPUSO AL REGISTRO DE NU PLUS, DE NUBANK, EN LA SUPERINDUSTRIA\"}]},{\"@type\":\"WebSite\",\"@id\":\"https:\/\/provimarcas.com\/#website\",\"url\":\"https:\/\/provimarcas.com\/\",\"name\":\"Provimarcas\",\"description\":\"\",\"publisher\":{\"@id\":\"https:\/\/provimarcas.com\/#organization\"},\"potentialAction\":[{\"@type\":\"SearchAction\",\"target\":{\"@type\":\"EntryPoint\",\"urlTemplate\":\"https:\/\/provimarcas.com\/?s={search_term_string}\"},\"query-input\":\"required name=search_term_string\"}],\"inLanguage\":\"en-US\"},{\"@type\":\"Organization\",\"@id\":\"https:\/\/provimarcas.com\/#organization\",\"name\":\"Provimarcas\",\"url\":\"https:\/\/provimarcas.com\/\",\"logo\":{\"@type\":\"ImageObject\",\"inLanguage\":\"en-US\",\"@id\":\"https:\/\/provimarcas.com\/#\/schema\/logo\/image\/\",\"url\":\"https:\/\/provimarcas.com\/wp-content\/uploads\/2022\/09\/ingles_mobile-provimarcas.jpg\",\"contentUrl\":\"https:\/\/provimarcas.com\/wp-content\/uploads\/2022\/09\/ingles_mobile-provimarcas.jpg\",\"width\":480,\"height\":420,\"caption\":\"Provimarcas\"},\"image\":{\"@id\":\"https:\/\/provimarcas.com\/#\/schema\/logo\/image\/\"},\"sameAs\":[\"https:\/\/www.facebook.com\/provimarcas\"]},{\"@type\":\"Person\",\"@id\":\"https:\/\/provimarcas.com\/#\/schema\/person\/7d5bd4e128127041f65306151a79d5be\",\"name\":\"Paulina\",\"image\":{\"@type\":\"ImageObject\",\"inLanguage\":\"en-US\",\"@id\":\"https:\/\/provimarcas.com\/#\/schema\/person\/image\/\",\"url\":\"https:\/\/secure.gravatar.com\/avatar\/d736cf8fba37316224357341441b8043?s=96&d=mm&r=g\",\"contentUrl\":\"https:\/\/secure.gravatar.com\/avatar\/d736cf8fba37316224357341441b8043?s=96&d=mm&r=g\",\"caption\":\"Paulina\"},\"url\":\"https:\/\/provimarcas.com\/en\/author\/paulina\/\"}]}<\/script>\n<!-- \/ Yoast SEO plugin. -->","yoast_head_json":{"title":"TUPL\u00daS, DE GRUPO AVAL, SE OPUSO AL REGISTRO DE NU PLUS, DE NUBANK, EN LA SUPERINDUSTRIA - Provimarcas","robots":{"index":"index","follow":"follow","max-snippet":"max-snippet:-1","max-image-preview":"max-image-preview:large","max-video-preview":"max-video-preview:-1"},"canonical":"https:\/\/provimarcas.com\/en\/tuplus-de-grupo-aval-se-opuso-al-registro-de-nu-plus-de-nubank-en-la-superindustria\/","og_locale":"en_US","og_type":"article","og_title":"TUPL\u00daS, DE GRUPO AVAL, SE OPUSO AL REGISTRO DE NU PLUS, DE NUBANK, EN LA SUPERINDUSTRIA - Provimarcas","og_description":"La direcci\u00f3n concluy\u00f3 que no exist\u00eda riesgo de confusi\u00f3n ni de asociaci\u00f3n entre los signos, pues cada uno presenta diferencias sustanciales Dos [&hellip;]","og_url":"https:\/\/provimarcas.com\/en\/tuplus-de-grupo-aval-se-opuso-al-registro-de-nu-plus-de-nubank-en-la-superindustria\/","og_site_name":"Provimarcas","article_publisher":"https:\/\/www.facebook.com\/provimarcas","article_published_time":"2025-12-18T12:53:58+00:00","article_modified_time":"2025-12-18T22:25:42+00:00","og_image":[{"width":1080,"height":900,"url":"https:\/\/provimarcas.com\/wp-content\/uploads\/2025\/12\/nu.webp","type":"image\/webp"}],"author":"Paulina","twitter_card":"summary_large_image","twitter_misc":{"Written by":"Paulina","Est. reading time":"3 minutes"},"schema":{"@context":"https:\/\/schema.org","@graph":[{"@type":"Article","@id":"https:\/\/provimarcas.com\/tuplus-de-grupo-aval-se-opuso-al-registro-de-nu-plus-de-nubank-en-la-superindustria\/#article","isPartOf":{"@id":"https:\/\/provimarcas.com\/tuplus-de-grupo-aval-se-opuso-al-registro-de-nu-plus-de-nubank-en-la-superindustria\/"},"author":{"name":"Paulina","@id":"https:\/\/provimarcas.com\/#\/schema\/person\/7d5bd4e128127041f65306151a79d5be"},"headline":"TUPL\u00daS, DE GRUPO AVAL, SE OPUSO AL REGISTRO DE NU PLUS, DE NUBANK, EN LA SUPERINDUSTRIA","datePublished":"2025-12-18T12:53:58+00:00","dateModified":"2025-12-18T22:25:42+00:00","mainEntityOfPage":{"@id":"https:\/\/provimarcas.com\/tuplus-de-grupo-aval-se-opuso-al-registro-de-nu-plus-de-nubank-en-la-superindustria\/"},"wordCount":452,"commentCount":0,"publisher":{"@id":"https:\/\/provimarcas.com\/#organization"},"image":{"@id":"https:\/\/provimarcas.com\/tuplus-de-grupo-aval-se-opuso-al-registro-de-nu-plus-de-nubank-en-la-superindustria\/#primaryimage"},"thumbnailUrl":"https:\/\/provimarcas.com\/wp-content\/uploads\/2025\/12\/nu.webp","articleSection":["Espa\u00f1ol"],"inLanguage":"en-US","potentialAction":[{"@type":"CommentAction","name":"Comment","target":["https:\/\/provimarcas.com\/tuplus-de-grupo-aval-se-opuso-al-registro-de-nu-plus-de-nubank-en-la-superindustria\/#respond"]}]},{"@type":"WebPage","@id":"https:\/\/provimarcas.com\/tuplus-de-grupo-aval-se-opuso-al-registro-de-nu-plus-de-nubank-en-la-superindustria\/","url":"https:\/\/provimarcas.com\/tuplus-de-grupo-aval-se-opuso-al-registro-de-nu-plus-de-nubank-en-la-superindustria\/","name":"TUPL\u00daS, DE GRUPO AVAL, SE OPUSO AL REGISTRO DE NU PLUS, DE NUBANK, EN LA SUPERINDUSTRIA - Provimarcas","isPartOf":{"@id":"https:\/\/provimarcas.com\/#website"},"primaryImageOfPage":{"@id":"https:\/\/provimarcas.com\/tuplus-de-grupo-aval-se-opuso-al-registro-de-nu-plus-de-nubank-en-la-superindustria\/#primaryimage"},"image":{"@id":"https:\/\/provimarcas.com\/tuplus-de-grupo-aval-se-opuso-al-registro-de-nu-plus-de-nubank-en-la-superindustria\/#primaryimage"},"thumbnailUrl":"https:\/\/provimarcas.com\/wp-content\/uploads\/2025\/12\/nu.webp","datePublished":"2025-12-18T12:53:58+00:00","dateModified":"2025-12-18T22:25:42+00:00","breadcrumb":{"@id":"https:\/\/provimarcas.com\/tuplus-de-grupo-aval-se-opuso-al-registro-de-nu-plus-de-nubank-en-la-superindustria\/#breadcrumb"},"inLanguage":"en-US","potentialAction":[{"@type":"ReadAction","target":["https:\/\/provimarcas.com\/tuplus-de-grupo-aval-se-opuso-al-registro-de-nu-plus-de-nubank-en-la-superindustria\/"]}]},{"@type":"ImageObject","inLanguage":"en-US","@id":"https:\/\/provimarcas.com\/tuplus-de-grupo-aval-se-opuso-al-registro-de-nu-plus-de-nubank-en-la-superindustria\/#primaryimage","url":"https:\/\/provimarcas.com\/wp-content\/uploads\/2025\/12\/nu.webp","contentUrl":"https:\/\/provimarcas.com\/wp-content\/uploads\/2025\/12\/nu.webp","width":1080,"height":900},{"@type":"BreadcrumbList","@id":"https:\/\/provimarcas.com\/tuplus-de-grupo-aval-se-opuso-al-registro-de-nu-plus-de-nubank-en-la-superindustria\/#breadcrumb","itemListElement":[{"@type":"ListItem","position":1,"name":"Home","item":"https:\/\/provimarcas.com\/"},{"@type":"ListItem","position":2,"name":"TUPL\u00daS, DE GRUPO AVAL, SE OPUSO AL REGISTRO DE NU PLUS, DE NUBANK, EN LA SUPERINDUSTRIA"}]},{"@type":"WebSite","@id":"https:\/\/provimarcas.com\/#website","url":"https:\/\/provimarcas.com\/","name":"Provimarcas","description":"","publisher":{"@id":"https:\/\/provimarcas.com\/#organization"},"potentialAction":[{"@type":"SearchAction","target":{"@type":"EntryPoint","urlTemplate":"https:\/\/provimarcas.com\/?s={search_term_string}"},"query-input":"required name=search_term_string"}],"inLanguage":"en-US"},{"@type":"Organization","@id":"https:\/\/provimarcas.com\/#organization","name":"Provimarcas","url":"https:\/\/provimarcas.com\/","logo":{"@type":"ImageObject","inLanguage":"en-US","@id":"https:\/\/provimarcas.com\/#\/schema\/logo\/image\/","url":"https:\/\/provimarcas.com\/wp-content\/uploads\/2022\/09\/ingles_mobile-provimarcas.jpg","contentUrl":"https:\/\/provimarcas.com\/wp-content\/uploads\/2022\/09\/ingles_mobile-provimarcas.jpg","width":480,"height":420,"caption":"Provimarcas"},"image":{"@id":"https:\/\/provimarcas.com\/#\/schema\/logo\/image\/"},"sameAs":["https:\/\/www.facebook.com\/provimarcas"]},{"@type":"Person","@id":"https:\/\/provimarcas.com\/#\/schema\/person\/7d5bd4e128127041f65306151a79d5be","name":"Paulina","image":{"@type":"ImageObject","inLanguage":"en-US","@id":"https:\/\/provimarcas.com\/#\/schema\/person\/image\/","url":"https:\/\/secure.gravatar.com\/avatar\/d736cf8fba37316224357341441b8043?s=96&d=mm&r=g","contentUrl":"https:\/\/secure.gravatar.com\/avatar\/d736cf8fba37316224357341441b8043?s=96&d=mm&r=g","caption":"Paulina"},"url":"https:\/\/provimarcas.com\/en\/author\/paulina\/"}]}},"_links":{"self":[{"href":"https:\/\/provimarcas.com\/en\/wp-json\/wp\/v2\/posts\/13911"}],"collection":[{"href":"https:\/\/provimarcas.com\/en\/wp-json\/wp\/v2\/posts"}],"about":[{"href":"https:\/\/provimarcas.com\/en\/wp-json\/wp\/v2\/types\/post"}],"author":[{"embeddable":true,"href":"https:\/\/provimarcas.com\/en\/wp-json\/wp\/v2\/users\/3"}],"replies":[{"embeddable":true,"href":"https:\/\/provimarcas.com\/en\/wp-json\/wp\/v2\/comments?post=13911"}],"version-history":[{"count":1,"href":"https:\/\/provimarcas.com\/en\/wp-json\/wp\/v2\/posts\/13911\/revisions"}],"predecessor-version":[{"id":13912,"href":"https:\/\/provimarcas.com\/en\/wp-json\/wp\/v2\/posts\/13911\/revisions\/13912"}],"wp:featuredmedia":[{"embeddable":true,"href":"https:\/\/provimarcas.com\/en\/wp-json\/wp\/v2\/media\/13913"}],"wp:attachment":[{"href":"https:\/\/provimarcas.com\/en\/wp-json\/wp\/v2\/media?parent=13911"}],"wp:term":[{"taxonomy":"category","embeddable":true,"href":"https:\/\/provimarcas.com\/en\/wp-json\/wp\/v2\/categories?post=13911"},{"taxonomy":"post_tag","embeddable":true,"href":"https:\/\/provimarcas.com\/en\/wp-json\/wp\/v2\/tags?post=13911"}],"curies":[{"name":"wp","href":"https:\/\/api.w.org\/{rel}","templated":true}]}}