{"id":14118,"date":"2026-03-10T16:55:45","date_gmt":"2026-03-10T21:55:45","guid":{"rendered":"https:\/\/provimarcas.com\/?p=14118"},"modified":"2026-03-10T16:55:45","modified_gmt":"2026-03-10T21:55:45","slug":"invima-alerta-por-comercializacion-ilegal-de-aguardiente-con-imagen-de-yeison-jimenez","status":"publish","type":"post","link":"https:\/\/provimarcas.com\/en\/invima-alerta-por-comercializacion-ilegal-de-aguardiente-con-imagen-de-yeison-jimenez\/","title":{"rendered":"INVIMA ALERTA POR COMERCIALIZACI\u00d3N ILEGAL DE AGUARDIENTE CON IMAGEN DE YEISON JIM\u00c9NEZ"},"content":{"rendered":"<p>El Instituto Nacional de Vigilancia de Medicamentos y Alimentos (Invima) prendi\u00f3 nuevamente las alertas por la comercializaci\u00f3n ilegal del producto denominado \u201cAguardiente sin az\u00facar Amarillo de Manzanares\u201d, donde se utiliza de manera indebida la imagen, el nombre y el logo del cantante Yeison Jim\u00e9nez.<\/p>\n\n\n\n<p>La entidad en una alerta sanitaria afirm\u00f3 que este producto no cuenta con garant\u00edas sanitarias ni de calidad para su consumo.<\/p>\n\n\n\n<p>Afirm\u00f3 que de acuerdo a los informes sanitarios se estar\u00eda haciendo uso irregular del Registro Sanitario Invima 2019L-0009985, el cual se encuentra vigente \u00fanicamente bajo la modalidad de fabricar y vender para el producto original autorizado.<\/p>\n\n\n\n<p>\u201cLa situaci\u00f3n fue confirmada y notificada al Invima por la Industria Licorera de Caldas, titular leg\u00edtima del registro sanitario, que identific\u00f3 el producto como falsificado y fraudulento\u201d, dijo Alex D\u00edaz, coordinador de Vigilancia Epidemi\u00f3loga de Alimentos del Invima.<\/p>\n\n\n\n<p>El Invima advirti\u00f3 en la alerta sanitaria que la distribuci\u00f3n y comercializaci\u00f3n de este aguardiente no cumple con la normatividad sanitaria vigente, por lo que no puede ser considerado seguro para el consumo humano.<\/p>\n\n\n\n<p>\u201cAdem\u00e1s, se desconoce su contenido real, la trazabilidad de los insumos, as\u00ed como las condiciones de fabricaci\u00f3n, almacenamiento y transporte\u201d, manifest\u00f3.<\/p>\n\n\n\n<p>El Invima destac\u00f3 que entre las principales irregularidades identificadas en el producto falsificado se encuentran fallas graves en el rotulado y etiquetado, tales como:<\/p>\n\n\n\n<p>Ausencia de la referencia hist\u00f3rica del origen del producto en la contraetiqueta.<\/p>\n\n\n\n<p>Falta de la informaci\u00f3n obligatoria \u201cHecho en Colombia\u201d.<\/p>\n\n\n\n<p>No incluye nombre ni direcci\u00f3n del fabricante.<\/p>\n\n\n\n<p>No presenta el n\u00famero de Registro Sanitario.<\/p>\n\n\n\n<p>Adem\u00e1s omite la leyenda obligatoria: \u201cProh\u00edbase el expendio de bebidas embriagantes a menores de edad\u201d.<\/p>\n\n\n\n<p>\u201cSe registra tambi\u00e9n el uso indebido de la imagen, nombre y logo del cantante Yeison Jim\u00e9nez, elementos que no hacen parte del rotulado original autorizado por el Invima\u201d, recalc\u00f3.<\/p>\n\n\n\n<p>La entidad record\u00f3 que la Industria Licorera de Caldas es un establecimiento fabricante debidamente vigilado y que cumple con todas las disposiciones de la normatividad sanitaria para bebidas alcoh\u00f3licas, por lo que cualquier producto que no cumpla con estos requisitos debe considerarse irregular.<\/p>\n\n\n\n<p>Recomendaciones<\/p>\n\n\n\n<p>Ante esta situaci\u00f3n, el Invima hizo un llamado urgente a la ciudadan\u00eda, para que se abstenga de adquirir y consumir el producto Aguardiente sin az\u00facar Amarillo de Manzanares que utilice la imagen, nombre o logo de Yeison Jim\u00e9nez.<\/p>\n\n\n\n<p>Asimismo, recomend\u00f3 a las personas que ya hayan adquirido este producto suspender de inmediato su consumo y notificar a las autoridades sanitarias competentes.<\/p>\n\n\n\n<p>\u201cEl Invima solicit\u00f3 a las secretar\u00edas de salud departamentales, distritales y municipales adelantar acciones de b\u00fasqueda activa, inspecci\u00f3n, vigilancia y control en los establecimientos donde presuntamente se est\u00e9 distribuyendo o comercializando este producto ilegal\u201d, subray\u00f3.<\/p>\n\n\n\n<p>La entidad invit\u00f3 a la ciudadan\u00eda a consultar de manera permanente la aplicaci\u00f3n oficial de alertas sanitarias del Invima, disponible a trav\u00e9s de sus canales institucionales, con el fin de mantenerse informada sobre productos que puedan representar un riesgo para la salud p\u00fablica.<\/p>\n\n\n\n<p>Informaci\u00f3n tomada de:&nbsp;<a href=\"https:\/\/www.lafm.com.co\/sociedad\/yeison-jimenez-aguardiente-alerta-invima-389960\">https:\/\/www.lafm.com.co\/sociedad\/yeison-jimenez-aguardiente-alerta-invima-389960<\/a><\/p>","protected":false},"excerpt":{"rendered":"<p>El Instituto Nacional de Vigilancia de Medicamentos y Alimentos (Invima) prendi\u00f3 nuevamente las alertas por la comercializaci\u00f3n ilegal del producto denominado \u201cAguardiente [&hellip;]<\/p>","protected":false},"author":7,"featured_media":14119,"comment_status":"open","ping_status":"open","sticky":false,"template":"","format":"standard","meta":{"footnotes":""},"categories":[9],"tags":[],"yoast_head":"<!-- This site is optimized with the Yoast SEO plugin v23.2 - https:\/\/yoast.com\/wordpress\/plugins\/seo\/ -->\n<title>INVIMA ALERTA POR COMERCIALIZACI\u00d3N ILEGAL DE AGUARDIENTE CON IMAGEN DE YEISON JIM\u00c9NEZ - Provimarcas<\/title>\n<meta name=\"robots\" content=\"index, follow, max-snippet:-1, max-image-preview:large, max-video-preview:-1\" \/>\n<link rel=\"canonical\" href=\"https:\/\/provimarcas.com\/en\/invima-alerta-por-comercializacion-ilegal-de-aguardiente-con-imagen-de-yeison-jimenez\/\" \/>\n<meta property=\"og:locale\" content=\"en_US\" \/>\n<meta property=\"og:type\" content=\"article\" \/>\n<meta property=\"og:title\" content=\"INVIMA ALERTA POR COMERCIALIZACI\u00d3N ILEGAL DE AGUARDIENTE CON IMAGEN DE YEISON JIM\u00c9NEZ - Provimarcas\" \/>\n<meta property=\"og:description\" content=\"El Instituto Nacional de Vigilancia de Medicamentos y Alimentos (Invima) prendi\u00f3 nuevamente las alertas por la comercializaci\u00f3n ilegal del producto denominado \u201cAguardiente [&hellip;]\" \/>\n<meta property=\"og:url\" content=\"https:\/\/provimarcas.com\/en\/invima-alerta-por-comercializacion-ilegal-de-aguardiente-con-imagen-de-yeison-jimenez\/\" \/>\n<meta property=\"og:site_name\" content=\"Provimarcas\" \/>\n<meta property=\"article:publisher\" content=\"https:\/\/www.facebook.com\/provimarcas\" \/>\n<meta property=\"article:published_time\" content=\"2026-03-10T21:55:45+00:00\" \/>\n<meta property=\"og:image\" content=\"https:\/\/provimarcas.com\/wp-content\/uploads\/2026\/03\/whatsappimage2026-02-06at50550pm-1200x675-1.webp\" \/>\n\t<meta property=\"og:image:width\" content=\"1200\" \/>\n\t<meta property=\"og:image:height\" content=\"675\" \/>\n\t<meta property=\"og:image:type\" content=\"image\/webp\" \/>\n<meta name=\"author\" content=\"branding@provimarcas.com.co\" \/>\n<meta name=\"twitter:card\" content=\"summary_large_image\" \/>\n<meta name=\"twitter:label1\" content=\"Written by\" \/>\n\t<meta name=\"twitter:data1\" content=\"branding@provimarcas.com.co\" \/>\n\t<meta name=\"twitter:label2\" content=\"Est. reading time\" \/>\n\t<meta name=\"twitter:data2\" content=\"3 minutes\" \/>\n<script type=\"application\/ld+json\" class=\"yoast-schema-graph\">{\"@context\":\"https:\/\/schema.org\",\"@graph\":[{\"@type\":\"Article\",\"@id\":\"https:\/\/provimarcas.com\/invima-alerta-por-comercializacion-ilegal-de-aguardiente-con-imagen-de-yeison-jimenez\/#article\",\"isPartOf\":{\"@id\":\"https:\/\/provimarcas.com\/invima-alerta-por-comercializacion-ilegal-de-aguardiente-con-imagen-de-yeison-jimenez\/\"},\"author\":{\"name\":\"branding@provimarcas.com.co\",\"@id\":\"https:\/\/provimarcas.com\/#\/schema\/person\/83273a4dac4b6c8f1f7e43776afafbb8\"},\"headline\":\"INVIMA ALERTA POR COMERCIALIZACI\u00d3N ILEGAL DE AGUARDIENTE CON IMAGEN DE YEISON JIM\u00c9NEZ\",\"datePublished\":\"2026-03-10T21:55:45+00:00\",\"dateModified\":\"2026-03-10T21:55:45+00:00\",\"mainEntityOfPage\":{\"@id\":\"https:\/\/provimarcas.com\/invima-alerta-por-comercializacion-ilegal-de-aguardiente-con-imagen-de-yeison-jimenez\/\"},\"wordCount\":538,\"commentCount\":0,\"publisher\":{\"@id\":\"https:\/\/provimarcas.com\/#organization\"},\"image\":{\"@id\":\"https:\/\/provimarcas.com\/invima-alerta-por-comercializacion-ilegal-de-aguardiente-con-imagen-de-yeison-jimenez\/#primaryimage\"},\"thumbnailUrl\":\"https:\/\/provimarcas.com\/wp-content\/uploads\/2026\/03\/whatsappimage2026-02-06at50550pm-1200x675-1.webp\",\"articleSection\":[\"Espa\u00f1ol\"],\"inLanguage\":\"en-US\",\"potentialAction\":[{\"@type\":\"CommentAction\",\"name\":\"Comment\",\"target\":[\"https:\/\/provimarcas.com\/invima-alerta-por-comercializacion-ilegal-de-aguardiente-con-imagen-de-yeison-jimenez\/#respond\"]}]},{\"@type\":\"WebPage\",\"@id\":\"https:\/\/provimarcas.com\/invima-alerta-por-comercializacion-ilegal-de-aguardiente-con-imagen-de-yeison-jimenez\/\",\"url\":\"https:\/\/provimarcas.com\/invima-alerta-por-comercializacion-ilegal-de-aguardiente-con-imagen-de-yeison-jimenez\/\",\"name\":\"INVIMA ALERTA POR COMERCIALIZACI\u00d3N ILEGAL DE AGUARDIENTE CON IMAGEN DE YEISON JIM\u00c9NEZ - Provimarcas\",\"isPartOf\":{\"@id\":\"https:\/\/provimarcas.com\/#website\"},\"primaryImageOfPage\":{\"@id\":\"https:\/\/provimarcas.com\/invima-alerta-por-comercializacion-ilegal-de-aguardiente-con-imagen-de-yeison-jimenez\/#primaryimage\"},\"image\":{\"@id\":\"https:\/\/provimarcas.com\/invima-alerta-por-comercializacion-ilegal-de-aguardiente-con-imagen-de-yeison-jimenez\/#primaryimage\"},\"thumbnailUrl\":\"https:\/\/provimarcas.com\/wp-content\/uploads\/2026\/03\/whatsappimage2026-02-06at50550pm-1200x675-1.webp\",\"datePublished\":\"2026-03-10T21:55:45+00:00\",\"dateModified\":\"2026-03-10T21:55:45+00:00\",\"breadcrumb\":{\"@id\":\"https:\/\/provimarcas.com\/invima-alerta-por-comercializacion-ilegal-de-aguardiente-con-imagen-de-yeison-jimenez\/#breadcrumb\"},\"inLanguage\":\"en-US\",\"potentialAction\":[{\"@type\":\"ReadAction\",\"target\":[\"https:\/\/provimarcas.com\/invima-alerta-por-comercializacion-ilegal-de-aguardiente-con-imagen-de-yeison-jimenez\/\"]}]},{\"@type\":\"ImageObject\",\"inLanguage\":\"en-US\",\"@id\":\"https:\/\/provimarcas.com\/invima-alerta-por-comercializacion-ilegal-de-aguardiente-con-imagen-de-yeison-jimenez\/#primaryimage\",\"url\":\"https:\/\/provimarcas.com\/wp-content\/uploads\/2026\/03\/whatsappimage2026-02-06at50550pm-1200x675-1.webp\",\"contentUrl\":\"https:\/\/provimarcas.com\/wp-content\/uploads\/2026\/03\/whatsappimage2026-02-06at50550pm-1200x675-1.webp\",\"width\":1200,\"height\":675},{\"@type\":\"BreadcrumbList\",\"@id\":\"https:\/\/provimarcas.com\/invima-alerta-por-comercializacion-ilegal-de-aguardiente-con-imagen-de-yeison-jimenez\/#breadcrumb\",\"itemListElement\":[{\"@type\":\"ListItem\",\"position\":1,\"name\":\"Home\",\"item\":\"https:\/\/provimarcas.com\/\"},{\"@type\":\"ListItem\",\"position\":2,\"name\":\"INVIMA ALERTA POR COMERCIALIZACI\u00d3N ILEGAL DE AGUARDIENTE CON IMAGEN DE YEISON JIM\u00c9NEZ\"}]},{\"@type\":\"WebSite\",\"@id\":\"https:\/\/provimarcas.com\/#website\",\"url\":\"https:\/\/provimarcas.com\/\",\"name\":\"Provimarcas\",\"description\":\"\",\"publisher\":{\"@id\":\"https:\/\/provimarcas.com\/#organization\"},\"potentialAction\":[{\"@type\":\"SearchAction\",\"target\":{\"@type\":\"EntryPoint\",\"urlTemplate\":\"https:\/\/provimarcas.com\/?s={search_term_string}\"},\"query-input\":\"required name=search_term_string\"}],\"inLanguage\":\"en-US\"},{\"@type\":\"Organization\",\"@id\":\"https:\/\/provimarcas.com\/#organization\",\"name\":\"Provimarcas\",\"url\":\"https:\/\/provimarcas.com\/\",\"logo\":{\"@type\":\"ImageObject\",\"inLanguage\":\"en-US\",\"@id\":\"https:\/\/provimarcas.com\/#\/schema\/logo\/image\/\",\"url\":\"https:\/\/provimarcas.com\/wp-content\/uploads\/2022\/09\/ingles_mobile-provimarcas.jpg\",\"contentUrl\":\"https:\/\/provimarcas.com\/wp-content\/uploads\/2022\/09\/ingles_mobile-provimarcas.jpg\",\"width\":480,\"height\":420,\"caption\":\"Provimarcas\"},\"image\":{\"@id\":\"https:\/\/provimarcas.com\/#\/schema\/logo\/image\/\"},\"sameAs\":[\"https:\/\/www.facebook.com\/provimarcas\"]},{\"@type\":\"Person\",\"@id\":\"https:\/\/provimarcas.com\/#\/schema\/person\/83273a4dac4b6c8f1f7e43776afafbb8\",\"name\":\"branding@provimarcas.com.co\",\"image\":{\"@type\":\"ImageObject\",\"inLanguage\":\"en-US\",\"@id\":\"https:\/\/provimarcas.com\/#\/schema\/person\/image\/\",\"url\":\"https:\/\/secure.gravatar.com\/avatar\/97aaf223ca7247f49baf65b5e92ea0a0?s=96&d=mm&r=g\",\"contentUrl\":\"https:\/\/secure.gravatar.com\/avatar\/97aaf223ca7247f49baf65b5e92ea0a0?s=96&d=mm&r=g\",\"caption\":\"branding@provimarcas.com.co\"},\"url\":\"https:\/\/provimarcas.com\/en\/author\/brandingprovimarcas-com-co\/\"}]}<\/script>\n<!-- \/ Yoast SEO plugin. -->","yoast_head_json":{"title":"INVIMA ALERTA POR COMERCIALIZACI\u00d3N ILEGAL DE AGUARDIENTE CON IMAGEN DE YEISON JIM\u00c9NEZ - Provimarcas","robots":{"index":"index","follow":"follow","max-snippet":"max-snippet:-1","max-image-preview":"max-image-preview:large","max-video-preview":"max-video-preview:-1"},"canonical":"https:\/\/provimarcas.com\/en\/invima-alerta-por-comercializacion-ilegal-de-aguardiente-con-imagen-de-yeison-jimenez\/","og_locale":"en_US","og_type":"article","og_title":"INVIMA ALERTA POR COMERCIALIZACI\u00d3N ILEGAL DE AGUARDIENTE CON IMAGEN DE YEISON JIM\u00c9NEZ - Provimarcas","og_description":"El Instituto Nacional de Vigilancia de Medicamentos y Alimentos (Invima) prendi\u00f3 nuevamente las alertas por la comercializaci\u00f3n ilegal del producto denominado \u201cAguardiente [&hellip;]","og_url":"https:\/\/provimarcas.com\/en\/invima-alerta-por-comercializacion-ilegal-de-aguardiente-con-imagen-de-yeison-jimenez\/","og_site_name":"Provimarcas","article_publisher":"https:\/\/www.facebook.com\/provimarcas","article_published_time":"2026-03-10T21:55:45+00:00","og_image":[{"width":1200,"height":675,"url":"https:\/\/provimarcas.com\/wp-content\/uploads\/2026\/03\/whatsappimage2026-02-06at50550pm-1200x675-1.webp","type":"image\/webp"}],"author":"branding@provimarcas.com.co","twitter_card":"summary_large_image","twitter_misc":{"Written by":"branding@provimarcas.com.co","Est. reading time":"3 minutes"},"schema":{"@context":"https:\/\/schema.org","@graph":[{"@type":"Article","@id":"https:\/\/provimarcas.com\/invima-alerta-por-comercializacion-ilegal-de-aguardiente-con-imagen-de-yeison-jimenez\/#article","isPartOf":{"@id":"https:\/\/provimarcas.com\/invima-alerta-por-comercializacion-ilegal-de-aguardiente-con-imagen-de-yeison-jimenez\/"},"author":{"name":"branding@provimarcas.com.co","@id":"https:\/\/provimarcas.com\/#\/schema\/person\/83273a4dac4b6c8f1f7e43776afafbb8"},"headline":"INVIMA ALERTA POR COMERCIALIZACI\u00d3N ILEGAL DE AGUARDIENTE CON IMAGEN DE YEISON JIM\u00c9NEZ","datePublished":"2026-03-10T21:55:45+00:00","dateModified":"2026-03-10T21:55:45+00:00","mainEntityOfPage":{"@id":"https:\/\/provimarcas.com\/invima-alerta-por-comercializacion-ilegal-de-aguardiente-con-imagen-de-yeison-jimenez\/"},"wordCount":538,"commentCount":0,"publisher":{"@id":"https:\/\/provimarcas.com\/#organization"},"image":{"@id":"https:\/\/provimarcas.com\/invima-alerta-por-comercializacion-ilegal-de-aguardiente-con-imagen-de-yeison-jimenez\/#primaryimage"},"thumbnailUrl":"https:\/\/provimarcas.com\/wp-content\/uploads\/2026\/03\/whatsappimage2026-02-06at50550pm-1200x675-1.webp","articleSection":["Espa\u00f1ol"],"inLanguage":"en-US","potentialAction":[{"@type":"CommentAction","name":"Comment","target":["https:\/\/provimarcas.com\/invima-alerta-por-comercializacion-ilegal-de-aguardiente-con-imagen-de-yeison-jimenez\/#respond"]}]},{"@type":"WebPage","@id":"https:\/\/provimarcas.com\/invima-alerta-por-comercializacion-ilegal-de-aguardiente-con-imagen-de-yeison-jimenez\/","url":"https:\/\/provimarcas.com\/invima-alerta-por-comercializacion-ilegal-de-aguardiente-con-imagen-de-yeison-jimenez\/","name":"INVIMA ALERTA POR COMERCIALIZACI\u00d3N ILEGAL DE AGUARDIENTE CON IMAGEN DE YEISON JIM\u00c9NEZ - Provimarcas","isPartOf":{"@id":"https:\/\/provimarcas.com\/#website"},"primaryImageOfPage":{"@id":"https:\/\/provimarcas.com\/invima-alerta-por-comercializacion-ilegal-de-aguardiente-con-imagen-de-yeison-jimenez\/#primaryimage"},"image":{"@id":"https:\/\/provimarcas.com\/invima-alerta-por-comercializacion-ilegal-de-aguardiente-con-imagen-de-yeison-jimenez\/#primaryimage"},"thumbnailUrl":"https:\/\/provimarcas.com\/wp-content\/uploads\/2026\/03\/whatsappimage2026-02-06at50550pm-1200x675-1.webp","datePublished":"2026-03-10T21:55:45+00:00","dateModified":"2026-03-10T21:55:45+00:00","breadcrumb":{"@id":"https:\/\/provimarcas.com\/invima-alerta-por-comercializacion-ilegal-de-aguardiente-con-imagen-de-yeison-jimenez\/#breadcrumb"},"inLanguage":"en-US","potentialAction":[{"@type":"ReadAction","target":["https:\/\/provimarcas.com\/invima-alerta-por-comercializacion-ilegal-de-aguardiente-con-imagen-de-yeison-jimenez\/"]}]},{"@type":"ImageObject","inLanguage":"en-US","@id":"https:\/\/provimarcas.com\/invima-alerta-por-comercializacion-ilegal-de-aguardiente-con-imagen-de-yeison-jimenez\/#primaryimage","url":"https:\/\/provimarcas.com\/wp-content\/uploads\/2026\/03\/whatsappimage2026-02-06at50550pm-1200x675-1.webp","contentUrl":"https:\/\/provimarcas.com\/wp-content\/uploads\/2026\/03\/whatsappimage2026-02-06at50550pm-1200x675-1.webp","width":1200,"height":675},{"@type":"BreadcrumbList","@id":"https:\/\/provimarcas.com\/invima-alerta-por-comercializacion-ilegal-de-aguardiente-con-imagen-de-yeison-jimenez\/#breadcrumb","itemListElement":[{"@type":"ListItem","position":1,"name":"Home","item":"https:\/\/provimarcas.com\/"},{"@type":"ListItem","position":2,"name":"INVIMA ALERTA POR COMERCIALIZACI\u00d3N ILEGAL DE AGUARDIENTE CON IMAGEN DE YEISON JIM\u00c9NEZ"}]},{"@type":"WebSite","@id":"https:\/\/provimarcas.com\/#website","url":"https:\/\/provimarcas.com\/","name":"Provimarcas","description":"","publisher":{"@id":"https:\/\/provimarcas.com\/#organization"},"potentialAction":[{"@type":"SearchAction","target":{"@type":"EntryPoint","urlTemplate":"https:\/\/provimarcas.com\/?s={search_term_string}"},"query-input":"required name=search_term_string"}],"inLanguage":"en-US"},{"@type":"Organization","@id":"https:\/\/provimarcas.com\/#organization","name":"Provimarcas","url":"https:\/\/provimarcas.com\/","logo":{"@type":"ImageObject","inLanguage":"en-US","@id":"https:\/\/provimarcas.com\/#\/schema\/logo\/image\/","url":"https:\/\/provimarcas.com\/wp-content\/uploads\/2022\/09\/ingles_mobile-provimarcas.jpg","contentUrl":"https:\/\/provimarcas.com\/wp-content\/uploads\/2022\/09\/ingles_mobile-provimarcas.jpg","width":480,"height":420,"caption":"Provimarcas"},"image":{"@id":"https:\/\/provimarcas.com\/#\/schema\/logo\/image\/"},"sameAs":["https:\/\/www.facebook.com\/provimarcas"]},{"@type":"Person","@id":"https:\/\/provimarcas.com\/#\/schema\/person\/83273a4dac4b6c8f1f7e43776afafbb8","name":"branding@provimarcas.com.co","image":{"@type":"ImageObject","inLanguage":"en-US","@id":"https:\/\/provimarcas.com\/#\/schema\/person\/image\/","url":"https:\/\/secure.gravatar.com\/avatar\/97aaf223ca7247f49baf65b5e92ea0a0?s=96&d=mm&r=g","contentUrl":"https:\/\/secure.gravatar.com\/avatar\/97aaf223ca7247f49baf65b5e92ea0a0?s=96&d=mm&r=g","caption":"branding@provimarcas.com.co"},"url":"https:\/\/provimarcas.com\/en\/author\/brandingprovimarcas-com-co\/"}]}},"_links":{"self":[{"href":"https:\/\/provimarcas.com\/en\/wp-json\/wp\/v2\/posts\/14118"}],"collection":[{"href":"https:\/\/provimarcas.com\/en\/wp-json\/wp\/v2\/posts"}],"about":[{"href":"https:\/\/provimarcas.com\/en\/wp-json\/wp\/v2\/types\/post"}],"author":[{"embeddable":true,"href":"https:\/\/provimarcas.com\/en\/wp-json\/wp\/v2\/users\/7"}],"replies":[{"embeddable":true,"href":"https:\/\/provimarcas.com\/en\/wp-json\/wp\/v2\/comments?post=14118"}],"version-history":[{"count":1,"href":"https:\/\/provimarcas.com\/en\/wp-json\/wp\/v2\/posts\/14118\/revisions"}],"predecessor-version":[{"id":14120,"href":"https:\/\/provimarcas.com\/en\/wp-json\/wp\/v2\/posts\/14118\/revisions\/14120"}],"wp:featuredmedia":[{"embeddable":true,"href":"https:\/\/provimarcas.com\/en\/wp-json\/wp\/v2\/media\/14119"}],"wp:attachment":[{"href":"https:\/\/provimarcas.com\/en\/wp-json\/wp\/v2\/media?parent=14118"}],"wp:term":[{"taxonomy":"category","embeddable":true,"href":"https:\/\/provimarcas.com\/en\/wp-json\/wp\/v2\/categories?post=14118"},{"taxonomy":"post_tag","embeddable":true,"href":"https:\/\/provimarcas.com\/en\/wp-json\/wp\/v2\/tags?post=14118"}],"curies":[{"name":"wp","href":"https:\/\/api.w.org\/{rel}","templated":true}]}}