{"id":14128,"date":"2026-03-10T17:07:05","date_gmt":"2026-03-10T22:07:05","guid":{"rendered":"https:\/\/provimarcas.com\/?p=14128"},"modified":"2026-03-10T17:07:59","modified_gmt":"2026-03-10T22:07:59","slug":"asi-aplica-la-normativa-de-propiedad-intelectual-en-el-caso-de-wom-colombia","status":"publish","type":"post","link":"https:\/\/provimarcas.com\/en\/asi-aplica-la-normativa-de-propiedad-intelectual-en-el-caso-de-wom-colombia\/","title":{"rendered":"AS\u00cd APLICA LA NORMATIVA DE PROPIEDAD INTELECTUAL EN EL CASO DE WOM COLOMBIA"},"content":{"rendered":"<p>La SIC emiti\u00f3 el Auto n\u00famero 7289 que ordenaba a Partners Telecom Colombia el \u201ccumplimiento inmediato\u201d del cese de uso de la marca.<br>Para finales de enero WOM Chile se hab\u00eda enfrentado a los nuevos due\u00f1os de la operaci\u00f3n en Colombia, Sur Holdings, un grupo de inversionistas de Estados Unidos y el Reino Unido, que hab\u00eda adquirido al operador bajo la raz\u00f3n social de Partners Telecom Colombia, PTC. Por esta raz\u00f3n hab\u00edan sido denunciados para que dejaran de usar su marca y su logo en el pa\u00eds.<br>Los colombianos hab\u00edan intentado negociar y solicitar pr\u00f3rrogas, pero finalmente los chilenos los demandaron ante el regulador, y la semana pasada la Superintendencia de Industria y Comercio, SIC, emiti\u00f3 el Auto n\u00famero 7289 que ordenaba a Partners Telecom Colombia el \u201ccumplimiento inmediato\u201d del cese de uso de la marca.<br>Es decir, esto obligaba a una \u201csuspensi\u00f3n inmediata y definitiva del uso de los signos distintivos propiedad de WOM SpA\u201d, al igual que la eliminaci\u00f3n de toda publicidad, material promocional y referencias comerciales en canales digitales (como lo son web y redes sociales), establecimientos f\u00edsicos y medios impresos; la entrega o destrucci\u00f3n, bajo supervisi\u00f3n judicial de cualquier producto o empaque que contenga la marca.<\/p>\n\n\n\n<p>La SIC, de igual manera, obligaba a Partners Telecom Colombia a \u201cinformar p\u00fablicamente que no est\u00e1 autorizada para utilizar la marca desde la terminaci\u00f3n del contrato\u201d. Esto conllevaba al cese inmediato del uso de los dominios web wom.co y wommusic.co.<\/p>\n\n\n\n<p>Al respecto, Juan Diego Guzm\u00e1n Botero, socio de Galo Estudio Legal, explic\u00f3 \u201cla decisi\u00f3n de WOM de pedir el cumplimiento forzoso de la sentencia dictada por la Superintendencia de Industria y Comercio contra Telecom Partners no es un movimiento extraordinario, sino un paso normal cuando una decisi\u00f3n en firme no se cumple voluntariamente.<\/p>\n\n\n\n<p>En t\u00e9rminos simples, el cumplimiento forzoso es el mecanismo que permite pasar del \u201cfallo en el papel\u201d a su ejecuci\u00f3n real\u201d. Agreg\u00f3 que esto puede servir para que las sentencias no se queden en declaraciones simb\u00f3licas.<\/p>\n\n\n\n<p>\u201cSi la autoridad ordena pagar, hacer algo o cumplir una obligaci\u00f3n y la parte condenada no lo hace, la ley permite que la otra parte active un proceso de ejecuci\u00f3n ante la misma autoridad, sin iniciar un juicio nuevo, y con herramientas efectivas para obligar al cumplimiento\u201d, complement\u00f3.<\/p>\n\n\n\n<p>Por su parte, Carlos Amaya, socio de Amaya Propiedad Intelectual, detall\u00f3 &#8220;no es la primera vez que la chilena Wom SpA enfrenta una batalla legal por mantener la exclusividad y vigencia de su marca WOM en Colombia, en 2020 Millicom International Celular S.A. present\u00f3 una acci\u00f3n de cancelaci\u00f3n por no uso contra el primer registro de la marca WOM certificado No. 547247, sin embargo, la compa\u00f1\u00eda chilena gan\u00f3 el pleito al justificar el no uso de la misma&#8221;.<\/p>\n\n\n\n<p><br>Informaci\u00f3n tomada de Asuntos Legales:<\/p>\n\n\n\n<p><br>https:\/\/www.asuntoslegales.com.co\/actualidad\/asi-aplica-la-normativa-de-propiedad-intelectual-en-el-caso-de-wom-4323497<\/p>\n\n\n\n<p>WOM Propiedad intelectual Telecomunicaciones Colombia Pleitos de marcas Superintendencia de Industria y Comercio SIC<\/p>\n\n\n\n<p><\/p>","protected":false},"excerpt":{"rendered":"<p>La SIC emiti\u00f3 el Auto n\u00famero 7289 que ordenaba a Partners Telecom Colombia el \u201ccumplimiento inmediato\u201d del cese de uso de la [&hellip;]<\/p>","protected":false},"author":7,"featured_media":14130,"comment_status":"open","ping_status":"open","sticky":false,"template":"","format":"standard","meta":{"footnotes":""},"categories":[9],"tags":[],"yoast_head":"<!-- This site is optimized with the Yoast SEO plugin v23.2 - https:\/\/yoast.com\/wordpress\/plugins\/seo\/ -->\n<title>AS\u00cd APLICA LA NORMATIVA DE PROPIEDAD INTELECTUAL EN EL CASO DE WOM COLOMBIA - Provimarcas<\/title>\n<meta name=\"robots\" content=\"index, follow, max-snippet:-1, max-image-preview:large, max-video-preview:-1\" \/>\n<link rel=\"canonical\" href=\"https:\/\/provimarcas.com\/en\/asi-aplica-la-normativa-de-propiedad-intelectual-en-el-caso-de-wom-colombia\/\" \/>\n<meta property=\"og:locale\" content=\"en_US\" \/>\n<meta property=\"og:type\" content=\"article\" \/>\n<meta property=\"og:title\" content=\"AS\u00cd APLICA LA NORMATIVA DE PROPIEDAD INTELECTUAL EN EL CASO DE WOM COLOMBIA - Provimarcas\" \/>\n<meta property=\"og:description\" content=\"La SIC emiti\u00f3 el Auto n\u00famero 7289 que ordenaba a Partners Telecom Colombia el \u201ccumplimiento inmediato\u201d del cese de uso de la [&hellip;]\" \/>\n<meta property=\"og:url\" content=\"https:\/\/provimarcas.com\/en\/asi-aplica-la-normativa-de-propiedad-intelectual-en-el-caso-de-wom-colombia\/\" \/>\n<meta property=\"og:site_name\" content=\"Provimarcas\" \/>\n<meta property=\"article:publisher\" content=\"https:\/\/www.facebook.com\/provimarcas\" \/>\n<meta property=\"article:published_time\" content=\"2026-03-10T22:07:05+00:00\" \/>\n<meta property=\"article:modified_time\" content=\"2026-03-10T22:07:59+00:00\" \/>\n<meta property=\"og:image\" content=\"https:\/\/provimarcas.com\/wp-content\/uploads\/2026\/03\/WOM.webp\" \/>\n\t<meta property=\"og:image:width\" content=\"960\" \/>\n\t<meta property=\"og:image:height\" content=\"800\" \/>\n\t<meta property=\"og:image:type\" content=\"image\/webp\" \/>\n<meta name=\"author\" content=\"branding@provimarcas.com.co\" \/>\n<meta name=\"twitter:card\" content=\"summary_large_image\" \/>\n<meta name=\"twitter:label1\" content=\"Written by\" \/>\n\t<meta name=\"twitter:data1\" content=\"branding@provimarcas.com.co\" \/>\n\t<meta name=\"twitter:label2\" content=\"Est. reading time\" \/>\n\t<meta name=\"twitter:data2\" content=\"3 minutes\" \/>\n<script type=\"application\/ld+json\" class=\"yoast-schema-graph\">{\"@context\":\"https:\/\/schema.org\",\"@graph\":[{\"@type\":\"Article\",\"@id\":\"https:\/\/provimarcas.com\/asi-aplica-la-normativa-de-propiedad-intelectual-en-el-caso-de-wom-colombia\/#article\",\"isPartOf\":{\"@id\":\"https:\/\/provimarcas.com\/asi-aplica-la-normativa-de-propiedad-intelectual-en-el-caso-de-wom-colombia\/\"},\"author\":{\"name\":\"branding@provimarcas.com.co\",\"@id\":\"https:\/\/provimarcas.com\/#\/schema\/person\/83273a4dac4b6c8f1f7e43776afafbb8\"},\"headline\":\"AS\u00cd APLICA LA NORMATIVA DE PROPIEDAD INTELECTUAL EN EL CASO DE WOM COLOMBIA\",\"datePublished\":\"2026-03-10T22:07:05+00:00\",\"dateModified\":\"2026-03-10T22:07:59+00:00\",\"mainEntityOfPage\":{\"@id\":\"https:\/\/provimarcas.com\/asi-aplica-la-normativa-de-propiedad-intelectual-en-el-caso-de-wom-colombia\/\"},\"wordCount\":524,\"commentCount\":0,\"publisher\":{\"@id\":\"https:\/\/provimarcas.com\/#organization\"},\"image\":{\"@id\":\"https:\/\/provimarcas.com\/asi-aplica-la-normativa-de-propiedad-intelectual-en-el-caso-de-wom-colombia\/#primaryimage\"},\"thumbnailUrl\":\"https:\/\/provimarcas.com\/wp-content\/uploads\/2026\/03\/WOM.webp\",\"articleSection\":[\"Espa\u00f1ol\"],\"inLanguage\":\"en-US\",\"potentialAction\":[{\"@type\":\"CommentAction\",\"name\":\"Comment\",\"target\":[\"https:\/\/provimarcas.com\/asi-aplica-la-normativa-de-propiedad-intelectual-en-el-caso-de-wom-colombia\/#respond\"]}]},{\"@type\":\"WebPage\",\"@id\":\"https:\/\/provimarcas.com\/asi-aplica-la-normativa-de-propiedad-intelectual-en-el-caso-de-wom-colombia\/\",\"url\":\"https:\/\/provimarcas.com\/asi-aplica-la-normativa-de-propiedad-intelectual-en-el-caso-de-wom-colombia\/\",\"name\":\"AS\u00cd APLICA LA NORMATIVA DE PROPIEDAD INTELECTUAL EN EL CASO DE WOM COLOMBIA - Provimarcas\",\"isPartOf\":{\"@id\":\"https:\/\/provimarcas.com\/#website\"},\"primaryImageOfPage\":{\"@id\":\"https:\/\/provimarcas.com\/asi-aplica-la-normativa-de-propiedad-intelectual-en-el-caso-de-wom-colombia\/#primaryimage\"},\"image\":{\"@id\":\"https:\/\/provimarcas.com\/asi-aplica-la-normativa-de-propiedad-intelectual-en-el-caso-de-wom-colombia\/#primaryimage\"},\"thumbnailUrl\":\"https:\/\/provimarcas.com\/wp-content\/uploads\/2026\/03\/WOM.webp\",\"datePublished\":\"2026-03-10T22:07:05+00:00\",\"dateModified\":\"2026-03-10T22:07:59+00:00\",\"breadcrumb\":{\"@id\":\"https:\/\/provimarcas.com\/asi-aplica-la-normativa-de-propiedad-intelectual-en-el-caso-de-wom-colombia\/#breadcrumb\"},\"inLanguage\":\"en-US\",\"potentialAction\":[{\"@type\":\"ReadAction\",\"target\":[\"https:\/\/provimarcas.com\/asi-aplica-la-normativa-de-propiedad-intelectual-en-el-caso-de-wom-colombia\/\"]}]},{\"@type\":\"ImageObject\",\"inLanguage\":\"en-US\",\"@id\":\"https:\/\/provimarcas.com\/asi-aplica-la-normativa-de-propiedad-intelectual-en-el-caso-de-wom-colombia\/#primaryimage\",\"url\":\"https:\/\/provimarcas.com\/wp-content\/uploads\/2026\/03\/WOM.webp\",\"contentUrl\":\"https:\/\/provimarcas.com\/wp-content\/uploads\/2026\/03\/WOM.webp\",\"width\":960,\"height\":800},{\"@type\":\"BreadcrumbList\",\"@id\":\"https:\/\/provimarcas.com\/asi-aplica-la-normativa-de-propiedad-intelectual-en-el-caso-de-wom-colombia\/#breadcrumb\",\"itemListElement\":[{\"@type\":\"ListItem\",\"position\":1,\"name\":\"Home\",\"item\":\"https:\/\/provimarcas.com\/\"},{\"@type\":\"ListItem\",\"position\":2,\"name\":\"AS\u00cd APLICA LA NORMATIVA DE PROPIEDAD INTELECTUAL EN EL CASO DE WOM COLOMBIA\"}]},{\"@type\":\"WebSite\",\"@id\":\"https:\/\/provimarcas.com\/#website\",\"url\":\"https:\/\/provimarcas.com\/\",\"name\":\"Provimarcas\",\"description\":\"\",\"publisher\":{\"@id\":\"https:\/\/provimarcas.com\/#organization\"},\"potentialAction\":[{\"@type\":\"SearchAction\",\"target\":{\"@type\":\"EntryPoint\",\"urlTemplate\":\"https:\/\/provimarcas.com\/?s={search_term_string}\"},\"query-input\":\"required name=search_term_string\"}],\"inLanguage\":\"en-US\"},{\"@type\":\"Organization\",\"@id\":\"https:\/\/provimarcas.com\/#organization\",\"name\":\"Provimarcas\",\"url\":\"https:\/\/provimarcas.com\/\",\"logo\":{\"@type\":\"ImageObject\",\"inLanguage\":\"en-US\",\"@id\":\"https:\/\/provimarcas.com\/#\/schema\/logo\/image\/\",\"url\":\"https:\/\/provimarcas.com\/wp-content\/uploads\/2022\/09\/ingles_mobile-provimarcas.jpg\",\"contentUrl\":\"https:\/\/provimarcas.com\/wp-content\/uploads\/2022\/09\/ingles_mobile-provimarcas.jpg\",\"width\":480,\"height\":420,\"caption\":\"Provimarcas\"},\"image\":{\"@id\":\"https:\/\/provimarcas.com\/#\/schema\/logo\/image\/\"},\"sameAs\":[\"https:\/\/www.facebook.com\/provimarcas\"]},{\"@type\":\"Person\",\"@id\":\"https:\/\/provimarcas.com\/#\/schema\/person\/83273a4dac4b6c8f1f7e43776afafbb8\",\"name\":\"branding@provimarcas.com.co\",\"image\":{\"@type\":\"ImageObject\",\"inLanguage\":\"en-US\",\"@id\":\"https:\/\/provimarcas.com\/#\/schema\/person\/image\/\",\"url\":\"https:\/\/secure.gravatar.com\/avatar\/97aaf223ca7247f49baf65b5e92ea0a0?s=96&d=mm&r=g\",\"contentUrl\":\"https:\/\/secure.gravatar.com\/avatar\/97aaf223ca7247f49baf65b5e92ea0a0?s=96&d=mm&r=g\",\"caption\":\"branding@provimarcas.com.co\"},\"url\":\"https:\/\/provimarcas.com\/en\/author\/brandingprovimarcas-com-co\/\"}]}<\/script>\n<!-- \/ Yoast SEO plugin. -->","yoast_head_json":{"title":"AS\u00cd APLICA LA NORMATIVA DE PROPIEDAD INTELECTUAL EN EL CASO DE WOM COLOMBIA - Provimarcas","robots":{"index":"index","follow":"follow","max-snippet":"max-snippet:-1","max-image-preview":"max-image-preview:large","max-video-preview":"max-video-preview:-1"},"canonical":"https:\/\/provimarcas.com\/en\/asi-aplica-la-normativa-de-propiedad-intelectual-en-el-caso-de-wom-colombia\/","og_locale":"en_US","og_type":"article","og_title":"AS\u00cd APLICA LA NORMATIVA DE PROPIEDAD INTELECTUAL EN EL CASO DE WOM COLOMBIA - Provimarcas","og_description":"La SIC emiti\u00f3 el Auto n\u00famero 7289 que ordenaba a Partners Telecom Colombia el \u201ccumplimiento inmediato\u201d del cese de uso de la [&hellip;]","og_url":"https:\/\/provimarcas.com\/en\/asi-aplica-la-normativa-de-propiedad-intelectual-en-el-caso-de-wom-colombia\/","og_site_name":"Provimarcas","article_publisher":"https:\/\/www.facebook.com\/provimarcas","article_published_time":"2026-03-10T22:07:05+00:00","article_modified_time":"2026-03-10T22:07:59+00:00","og_image":[{"width":960,"height":800,"url":"https:\/\/provimarcas.com\/wp-content\/uploads\/2026\/03\/WOM.webp","type":"image\/webp"}],"author":"branding@provimarcas.com.co","twitter_card":"summary_large_image","twitter_misc":{"Written by":"branding@provimarcas.com.co","Est. reading time":"3 minutes"},"schema":{"@context":"https:\/\/schema.org","@graph":[{"@type":"Article","@id":"https:\/\/provimarcas.com\/asi-aplica-la-normativa-de-propiedad-intelectual-en-el-caso-de-wom-colombia\/#article","isPartOf":{"@id":"https:\/\/provimarcas.com\/asi-aplica-la-normativa-de-propiedad-intelectual-en-el-caso-de-wom-colombia\/"},"author":{"name":"branding@provimarcas.com.co","@id":"https:\/\/provimarcas.com\/#\/schema\/person\/83273a4dac4b6c8f1f7e43776afafbb8"},"headline":"AS\u00cd APLICA LA NORMATIVA DE PROPIEDAD INTELECTUAL EN EL CASO DE WOM COLOMBIA","datePublished":"2026-03-10T22:07:05+00:00","dateModified":"2026-03-10T22:07:59+00:00","mainEntityOfPage":{"@id":"https:\/\/provimarcas.com\/asi-aplica-la-normativa-de-propiedad-intelectual-en-el-caso-de-wom-colombia\/"},"wordCount":524,"commentCount":0,"publisher":{"@id":"https:\/\/provimarcas.com\/#organization"},"image":{"@id":"https:\/\/provimarcas.com\/asi-aplica-la-normativa-de-propiedad-intelectual-en-el-caso-de-wom-colombia\/#primaryimage"},"thumbnailUrl":"https:\/\/provimarcas.com\/wp-content\/uploads\/2026\/03\/WOM.webp","articleSection":["Espa\u00f1ol"],"inLanguage":"en-US","potentialAction":[{"@type":"CommentAction","name":"Comment","target":["https:\/\/provimarcas.com\/asi-aplica-la-normativa-de-propiedad-intelectual-en-el-caso-de-wom-colombia\/#respond"]}]},{"@type":"WebPage","@id":"https:\/\/provimarcas.com\/asi-aplica-la-normativa-de-propiedad-intelectual-en-el-caso-de-wom-colombia\/","url":"https:\/\/provimarcas.com\/asi-aplica-la-normativa-de-propiedad-intelectual-en-el-caso-de-wom-colombia\/","name":"AS\u00cd APLICA LA NORMATIVA DE PROPIEDAD INTELECTUAL EN EL CASO DE WOM COLOMBIA - Provimarcas","isPartOf":{"@id":"https:\/\/provimarcas.com\/#website"},"primaryImageOfPage":{"@id":"https:\/\/provimarcas.com\/asi-aplica-la-normativa-de-propiedad-intelectual-en-el-caso-de-wom-colombia\/#primaryimage"},"image":{"@id":"https:\/\/provimarcas.com\/asi-aplica-la-normativa-de-propiedad-intelectual-en-el-caso-de-wom-colombia\/#primaryimage"},"thumbnailUrl":"https:\/\/provimarcas.com\/wp-content\/uploads\/2026\/03\/WOM.webp","datePublished":"2026-03-10T22:07:05+00:00","dateModified":"2026-03-10T22:07:59+00:00","breadcrumb":{"@id":"https:\/\/provimarcas.com\/asi-aplica-la-normativa-de-propiedad-intelectual-en-el-caso-de-wom-colombia\/#breadcrumb"},"inLanguage":"en-US","potentialAction":[{"@type":"ReadAction","target":["https:\/\/provimarcas.com\/asi-aplica-la-normativa-de-propiedad-intelectual-en-el-caso-de-wom-colombia\/"]}]},{"@type":"ImageObject","inLanguage":"en-US","@id":"https:\/\/provimarcas.com\/asi-aplica-la-normativa-de-propiedad-intelectual-en-el-caso-de-wom-colombia\/#primaryimage","url":"https:\/\/provimarcas.com\/wp-content\/uploads\/2026\/03\/WOM.webp","contentUrl":"https:\/\/provimarcas.com\/wp-content\/uploads\/2026\/03\/WOM.webp","width":960,"height":800},{"@type":"BreadcrumbList","@id":"https:\/\/provimarcas.com\/asi-aplica-la-normativa-de-propiedad-intelectual-en-el-caso-de-wom-colombia\/#breadcrumb","itemListElement":[{"@type":"ListItem","position":1,"name":"Home","item":"https:\/\/provimarcas.com\/"},{"@type":"ListItem","position":2,"name":"AS\u00cd APLICA LA NORMATIVA DE PROPIEDAD INTELECTUAL EN EL CASO DE WOM COLOMBIA"}]},{"@type":"WebSite","@id":"https:\/\/provimarcas.com\/#website","url":"https:\/\/provimarcas.com\/","name":"Provimarcas","description":"","publisher":{"@id":"https:\/\/provimarcas.com\/#organization"},"potentialAction":[{"@type":"SearchAction","target":{"@type":"EntryPoint","urlTemplate":"https:\/\/provimarcas.com\/?s={search_term_string}"},"query-input":"required name=search_term_string"}],"inLanguage":"en-US"},{"@type":"Organization","@id":"https:\/\/provimarcas.com\/#organization","name":"Provimarcas","url":"https:\/\/provimarcas.com\/","logo":{"@type":"ImageObject","inLanguage":"en-US","@id":"https:\/\/provimarcas.com\/#\/schema\/logo\/image\/","url":"https:\/\/provimarcas.com\/wp-content\/uploads\/2022\/09\/ingles_mobile-provimarcas.jpg","contentUrl":"https:\/\/provimarcas.com\/wp-content\/uploads\/2022\/09\/ingles_mobile-provimarcas.jpg","width":480,"height":420,"caption":"Provimarcas"},"image":{"@id":"https:\/\/provimarcas.com\/#\/schema\/logo\/image\/"},"sameAs":["https:\/\/www.facebook.com\/provimarcas"]},{"@type":"Person","@id":"https:\/\/provimarcas.com\/#\/schema\/person\/83273a4dac4b6c8f1f7e43776afafbb8","name":"branding@provimarcas.com.co","image":{"@type":"ImageObject","inLanguage":"en-US","@id":"https:\/\/provimarcas.com\/#\/schema\/person\/image\/","url":"https:\/\/secure.gravatar.com\/avatar\/97aaf223ca7247f49baf65b5e92ea0a0?s=96&d=mm&r=g","contentUrl":"https:\/\/secure.gravatar.com\/avatar\/97aaf223ca7247f49baf65b5e92ea0a0?s=96&d=mm&r=g","caption":"branding@provimarcas.com.co"},"url":"https:\/\/provimarcas.com\/en\/author\/brandingprovimarcas-com-co\/"}]}},"_links":{"self":[{"href":"https:\/\/provimarcas.com\/en\/wp-json\/wp\/v2\/posts\/14128"}],"collection":[{"href":"https:\/\/provimarcas.com\/en\/wp-json\/wp\/v2\/posts"}],"about":[{"href":"https:\/\/provimarcas.com\/en\/wp-json\/wp\/v2\/types\/post"}],"author":[{"embeddable":true,"href":"https:\/\/provimarcas.com\/en\/wp-json\/wp\/v2\/users\/7"}],"replies":[{"embeddable":true,"href":"https:\/\/provimarcas.com\/en\/wp-json\/wp\/v2\/comments?post=14128"}],"version-history":[{"count":1,"href":"https:\/\/provimarcas.com\/en\/wp-json\/wp\/v2\/posts\/14128\/revisions"}],"predecessor-version":[{"id":14129,"href":"https:\/\/provimarcas.com\/en\/wp-json\/wp\/v2\/posts\/14128\/revisions\/14129"}],"wp:featuredmedia":[{"embeddable":true,"href":"https:\/\/provimarcas.com\/en\/wp-json\/wp\/v2\/media\/14130"}],"wp:attachment":[{"href":"https:\/\/provimarcas.com\/en\/wp-json\/wp\/v2\/media?parent=14128"}],"wp:term":[{"taxonomy":"category","embeddable":true,"href":"https:\/\/provimarcas.com\/en\/wp-json\/wp\/v2\/categories?post=14128"},{"taxonomy":"post_tag","embeddable":true,"href":"https:\/\/provimarcas.com\/en\/wp-json\/wp\/v2\/tags?post=14128"}],"curies":[{"name":"wp","href":"https:\/\/api.w.org\/{rel}","templated":true}]}}