{"id":14131,"date":"2026-03-11T07:42:26","date_gmt":"2026-03-11T12:42:26","guid":{"rendered":"https:\/\/provimarcas.com\/?p=14131"},"modified":"2026-03-11T07:48:03","modified_gmt":"2026-03-11T12:48:03","slug":"la-sic-sanciono-e-impartio-ordenes-a-la-asociacion-aproef-y-a-sus-afiliados-por-implementar-un-sistema-anticompetitivo-en-el-transporte-fluvial-de-carga-seca-entre-puerto-asis-y-leticia","status":"publish","type":"post","link":"https:\/\/provimarcas.com\/en\/la-sic-sanciono-e-impartio-ordenes-a-la-asociacion-aproef-y-a-sus-afiliados-por-implementar-un-sistema-anticompetitivo-en-el-transporte-fluvial-de-carga-seca-entre-puerto-asis-y-leticia\/","title":{"rendered":"LA SIC SANCION\u00d3 E IMPARTI\u00d3 \u00d3RDENES A LA ASOCIACI\u00d3N APROEF Y A SUS AFILIADOS POR IMPLEMENTAR UN SISTEMA ANTICOMPETITIVO EN EL TRANSPORTE FLUVIAL DE CARGA SECA ENTRE PUERTO AS\u00cdS Y LETICIA"},"content":{"rendered":"<p>Bogot\u00e1 D. C., 16 de febrero de 2026. La Superintendencia de Industria y Comercio, mediante la Resoluci\u00f3n No. 4805 del 27 de enero de 2026, determin\u00f3 que la Asociaci\u00f3n de Propietarios de Embarcaciones Fluviales del Putumayo y Amazonas (APROEF) y 39 de sus asociados incurrieron en la prohibici\u00f3n general prevista en el art\u00edculo 1 de la Ley 155 de 1959.<\/p>\n\n\n\n<p>Se encontr\u00f3 que los investigados desarrollaron un sistema anticompetitivo en el servicio de transporte fluvial de carga seca en la ruta Puerto As\u00eds \u2013 Leticia, con el prop\u00f3sito de organizar de manera coordinada la prestaci\u00f3n de dicho servicio, en beneficio exclusivo de los intereses de los miembros de la asociaci\u00f3n y en perjuicio de los intereses de los consumidores y\/o usuarios de los servicios mencionados.<\/p>\n\n\n\n<p>Para la Superintendencia, es importante destacar que la ruta Puerto As\u00eds \u2013 Leticia se inscribe en la cuenca del Amazonas, regi\u00f3n en la cual el transporte fluvial representa cerca del 90 % del transporte total, concentrado en su mayor\u00eda en afiliados de APROEF. Esta alta participaci\u00f3n se explica por la limitada interconexi\u00f3n terrestre entre los departamentos de Putumayo, Caquet\u00e1 y Amazonas, as\u00ed como por la capacidad del transporte fluvial para cubrir grandes distancias y movilizar vol\u00famenes significativos de mercanc\u00eda a menores costos, en comparaci\u00f3n con otros medios de transporte de carga, como el a\u00e9reo.<\/p>\n\n\n\n<p>Los principales productos transportados por esta ruta son bienes de abastecimiento, insumos, materiales y productos de consumo. As\u00ed, a diferencia del transporte de pasajeros, este servicio cumple una funci\u00f3n esencial de intercambio comercial y abastecimiento regional. De all\u00ed la importancia del impacto de los comportamientos estudiados y sancionados por esta Superintendencia.<\/p>\n\n\n\n<p>Como se ha destacado en este caso, se evidenci\u00f3 que APROEF y sus asociados excedieron el prop\u00f3sito natural de las asociaciones y organizaciones, debido a que implementaron un sistema anticompetitivo que condujo a:<\/p>\n\n\n\n<p>(i) La aprobaci\u00f3n y fijaci\u00f3n de tarifas m\u00e1s altas para la prestaci\u00f3n del servicio de transporte fluvial de carga seca en la ruta Puerto As\u00eds \u2013 Leticia;<\/p>\n\n\n\n<p>(ii) La limitaci\u00f3n de cuotas de suministro mediante el establecimiento de un tope m\u00e1ximo de carga para cada transportador;&nbsp;<\/p>\n\n\n\n<p>(iii) La asignaci\u00f3n injustificada de turnos de cargue y zarpe; y<\/p>\n\n\n\n<p>(iv) La creaci\u00f3n de un esquema de sanciones para garantizar el cumplimiento, por parte de los transportadores, de los acuerdos restrictivos.<\/p>\n\n\n\n<p>As\u00ed, se pudo demostrar que, a partir de la creaci\u00f3n de APROEF en 2022, se alteraron de manera injustificada las din\u00e1micas competitivas del servicio de transporte fluvial de carga seca en la ruta Puerto As\u00eds \u2013 Leticia. Por un lado, se present\u00f3 un incremento significativo en los precios del servicio de transporte, de hasta un 100 %, afectando no solo a los generadores de carga, sino tambi\u00e9n a los consumidores finales de los productos transportados. De otro lado, se elimin\u00f3 la competencia entre los transportadores, pues, adem\u00e1s de coordinar las tarifas del servicio, se establecieron topes de carga y se asignaron turnos para cada uno de los agremiados, limitando la posibilidad de que varios transportadores prestaran servicios con mayor capacidad y m\u00e1s calidad.<\/p>\n\n\n\n<p>Teniendo en cuenta las particularidades de los agentes econ\u00f3micos que participaron en la ejecuci\u00f3n de estos comportamientos, el contexto en el que se desarrollaron las conductas y las circunstancias econ\u00f3micas y sociales que rodearon la implementaci\u00f3n del sistema reprochado \u2014en especial, la esencialidad de este servicio\u2014, la Superintendencia dict\u00f3 una serie de \u00f3rdenes administrativas con el prop\u00f3sito de suspender y modificar los comportamientos sancionados, adem\u00e1s de imponer multas que ascendieron a los dos mil millones de pesos.<\/p>\n\n\n\n<p>Esta Superintendencia destaca el rol fundamental que desempe\u00f1an las asociaciones en los mercados, pues son necesarias para promover mejores est\u00e1ndares de calidad e incentivar buenas pr\u00e1cticas empresariales, y reconoce tambi\u00e9n el valor de las organizaciones asociativas y comunitarias como motor de la econom\u00eda popular. Sin embargo, advierte que, en su desarrollo, no se pueden sobrepasar los l\u00edmites propios de su naturaleza ni incurrir en conductas anticompetitivas que afecten los intereses y el bienestar de las y los consumidores.<\/p>\n\n\n\n<p>Finalmente, la Superintendencia recuerda que esta decisi\u00f3n no se encuentra en firme y que contra ella procede el recurso de reposici\u00f3n ante el Despacho de la Superintendente de Industria y Comercio.<\/p>\n\n\n\n<p>Informaci\u00f3n tomada de la Superintendencia de Industria y Comercio:<\/p>\n\n\n\n<p><a href=\"https:\/\/sedeelectronica.sic.gov.co\/comunicado\/la-sic-sanciono-e-impartio-ordenes-la-asociacion-aproef-y-sus-afiliados-por-implementar-un-sistema-anticompetitivo-en-el-transporte\">https:\/\/sedeelectronica.sic.gov.co\/comunicado\/la-sic-sanciono-e-impartio-ordenes-la-asociacion-aproef-y-sus-afiliados-por-implementar-un-sistema-anticompetitivo-en-el-transporte<\/a><\/p>","protected":false},"excerpt":{"rendered":"<p>Bogot\u00e1 D. C., 16 de febrero de 2026. La Superintendencia de Industria y Comercio, mediante la Resoluci\u00f3n No. 4805 del 27 de [&hellip;]<\/p>","protected":false},"author":7,"featured_media":14133,"comment_status":"open","ping_status":"open","sticky":false,"template":"","format":"standard","meta":{"footnotes":""},"categories":[9],"tags":[],"yoast_head":"<!-- This site is optimized with the Yoast SEO plugin v23.2 - https:\/\/yoast.com\/wordpress\/plugins\/seo\/ -->\n<title>LA SIC SANCION\u00d3 E IMPARTI\u00d3 \u00d3RDENES A LA ASOCIACI\u00d3N APROEF Y A SUS AFILIADOS POR IMPLEMENTAR UN SISTEMA ANTICOMPETITIVO EN EL TRANSPORTE FLUVIAL DE CARGA SECA ENTRE PUERTO AS\u00cdS Y LETICIA - Provimarcas<\/title>\n<meta name=\"robots\" content=\"index, follow, max-snippet:-1, max-image-preview:large, max-video-preview:-1\" \/>\n<link rel=\"canonical\" href=\"https:\/\/provimarcas.com\/en\/la-sic-sanciono-e-impartio-ordenes-a-la-asociacion-aproef-y-a-sus-afiliados-por-implementar-un-sistema-anticompetitivo-en-el-transporte-fluvial-de-carga-seca-entre-puerto-asis-y-leticia\/\" \/>\n<meta property=\"og:locale\" content=\"en_US\" \/>\n<meta property=\"og:type\" content=\"article\" \/>\n<meta property=\"og:title\" content=\"LA SIC SANCION\u00d3 E IMPARTI\u00d3 \u00d3RDENES A LA ASOCIACI\u00d3N APROEF Y A SUS AFILIADOS POR IMPLEMENTAR UN SISTEMA ANTICOMPETITIVO EN EL TRANSPORTE FLUVIAL DE CARGA SECA ENTRE PUERTO AS\u00cdS Y LETICIA - Provimarcas\" \/>\n<meta property=\"og:description\" content=\"Bogot\u00e1 D. C., 16 de febrero de 2026. La Superintendencia de Industria y Comercio, mediante la Resoluci\u00f3n No. 4805 del 27 de [&hellip;]\" \/>\n<meta property=\"og:url\" content=\"https:\/\/provimarcas.com\/en\/la-sic-sanciono-e-impartio-ordenes-a-la-asociacion-aproef-y-a-sus-afiliados-por-implementar-un-sistema-anticompetitivo-en-el-transporte-fluvial-de-carga-seca-entre-puerto-asis-y-leticia\/\" \/>\n<meta property=\"og:site_name\" content=\"Provimarcas\" \/>\n<meta property=\"article:publisher\" content=\"https:\/\/www.facebook.com\/provimarcas\" \/>\n<meta property=\"article:published_time\" content=\"2026-03-11T12:42:26+00:00\" \/>\n<meta property=\"article:modified_time\" content=\"2026-03-11T12:48:03+00:00\" \/>\n<meta property=\"og:image\" content=\"https:\/\/provimarcas.com\/wp-content\/uploads\/2026\/03\/BANNER_SANCION_APROEF_1600X400.jpg\" \/>\n\t<meta property=\"og:image:width\" content=\"1280\" \/>\n\t<meta property=\"og:image:height\" content=\"300\" \/>\n\t<meta property=\"og:image:type\" content=\"image\/jpeg\" \/>\n<meta name=\"author\" content=\"branding@provimarcas.com.co\" \/>\n<meta name=\"twitter:card\" content=\"summary_large_image\" \/>\n<meta name=\"twitter:label1\" content=\"Written by\" \/>\n\t<meta name=\"twitter:data1\" content=\"branding@provimarcas.com.co\" \/>\n\t<meta name=\"twitter:label2\" content=\"Est. reading time\" \/>\n\t<meta name=\"twitter:data2\" content=\"4 minutes\" \/>\n<script type=\"application\/ld+json\" class=\"yoast-schema-graph\">{\"@context\":\"https:\/\/schema.org\",\"@graph\":[{\"@type\":\"Article\",\"@id\":\"https:\/\/provimarcas.com\/la-sic-sanciono-e-impartio-ordenes-a-la-asociacion-aproef-y-a-sus-afiliados-por-implementar-un-sistema-anticompetitivo-en-el-transporte-fluvial-de-carga-seca-entre-puerto-asis-y-leticia\/#article\",\"isPartOf\":{\"@id\":\"https:\/\/provimarcas.com\/la-sic-sanciono-e-impartio-ordenes-a-la-asociacion-aproef-y-a-sus-afiliados-por-implementar-un-sistema-anticompetitivo-en-el-transporte-fluvial-de-carga-seca-entre-puerto-asis-y-leticia\/\"},\"author\":{\"name\":\"branding@provimarcas.com.co\",\"@id\":\"https:\/\/provimarcas.com\/#\/schema\/person\/83273a4dac4b6c8f1f7e43776afafbb8\"},\"headline\":\"LA SIC SANCION\u00d3 E IMPARTI\u00d3 \u00d3RDENES A LA ASOCIACI\u00d3N APROEF Y A SUS AFILIADOS POR IMPLEMENTAR UN SISTEMA ANTICOMPETITIVO EN EL TRANSPORTE FLUVIAL DE CARGA SECA ENTRE PUERTO AS\u00cdS Y LETICIA\",\"datePublished\":\"2026-03-11T12:42:26+00:00\",\"dateModified\":\"2026-03-11T12:48:03+00:00\",\"mainEntityOfPage\":{\"@id\":\"https:\/\/provimarcas.com\/la-sic-sanciono-e-impartio-ordenes-a-la-asociacion-aproef-y-a-sus-afiliados-por-implementar-un-sistema-anticompetitivo-en-el-transporte-fluvial-de-carga-seca-entre-puerto-asis-y-leticia\/\"},\"wordCount\":772,\"commentCount\":0,\"publisher\":{\"@id\":\"https:\/\/provimarcas.com\/#organization\"},\"image\":{\"@id\":\"https:\/\/provimarcas.com\/la-sic-sanciono-e-impartio-ordenes-a-la-asociacion-aproef-y-a-sus-afiliados-por-implementar-un-sistema-anticompetitivo-en-el-transporte-fluvial-de-carga-seca-entre-puerto-asis-y-leticia\/#primaryimage\"},\"thumbnailUrl\":\"https:\/\/provimarcas.com\/wp-content\/uploads\/2026\/03\/BANNER_SANCION_APROEF_1600X400.jpg\",\"articleSection\":[\"Espa\u00f1ol\"],\"inLanguage\":\"en-US\",\"potentialAction\":[{\"@type\":\"CommentAction\",\"name\":\"Comment\",\"target\":[\"https:\/\/provimarcas.com\/la-sic-sanciono-e-impartio-ordenes-a-la-asociacion-aproef-y-a-sus-afiliados-por-implementar-un-sistema-anticompetitivo-en-el-transporte-fluvial-de-carga-seca-entre-puerto-asis-y-leticia\/#respond\"]}]},{\"@type\":\"WebPage\",\"@id\":\"https:\/\/provimarcas.com\/la-sic-sanciono-e-impartio-ordenes-a-la-asociacion-aproef-y-a-sus-afiliados-por-implementar-un-sistema-anticompetitivo-en-el-transporte-fluvial-de-carga-seca-entre-puerto-asis-y-leticia\/\",\"url\":\"https:\/\/provimarcas.com\/la-sic-sanciono-e-impartio-ordenes-a-la-asociacion-aproef-y-a-sus-afiliados-por-implementar-un-sistema-anticompetitivo-en-el-transporte-fluvial-de-carga-seca-entre-puerto-asis-y-leticia\/\",\"name\":\"LA SIC SANCION\u00d3 E IMPARTI\u00d3 \u00d3RDENES A LA ASOCIACI\u00d3N APROEF Y A SUS AFILIADOS POR IMPLEMENTAR UN SISTEMA ANTICOMPETITIVO EN EL TRANSPORTE FLUVIAL DE CARGA SECA ENTRE PUERTO AS\u00cdS Y LETICIA - Provimarcas\",\"isPartOf\":{\"@id\":\"https:\/\/provimarcas.com\/#website\"},\"primaryImageOfPage\":{\"@id\":\"https:\/\/provimarcas.com\/la-sic-sanciono-e-impartio-ordenes-a-la-asociacion-aproef-y-a-sus-afiliados-por-implementar-un-sistema-anticompetitivo-en-el-transporte-fluvial-de-carga-seca-entre-puerto-asis-y-leticia\/#primaryimage\"},\"image\":{\"@id\":\"https:\/\/provimarcas.com\/la-sic-sanciono-e-impartio-ordenes-a-la-asociacion-aproef-y-a-sus-afiliados-por-implementar-un-sistema-anticompetitivo-en-el-transporte-fluvial-de-carga-seca-entre-puerto-asis-y-leticia\/#primaryimage\"},\"thumbnailUrl\":\"https:\/\/provimarcas.com\/wp-content\/uploads\/2026\/03\/BANNER_SANCION_APROEF_1600X400.jpg\",\"datePublished\":\"2026-03-11T12:42:26+00:00\",\"dateModified\":\"2026-03-11T12:48:03+00:00\",\"breadcrumb\":{\"@id\":\"https:\/\/provimarcas.com\/la-sic-sanciono-e-impartio-ordenes-a-la-asociacion-aproef-y-a-sus-afiliados-por-implementar-un-sistema-anticompetitivo-en-el-transporte-fluvial-de-carga-seca-entre-puerto-asis-y-leticia\/#breadcrumb\"},\"inLanguage\":\"en-US\",\"potentialAction\":[{\"@type\":\"ReadAction\",\"target\":[\"https:\/\/provimarcas.com\/la-sic-sanciono-e-impartio-ordenes-a-la-asociacion-aproef-y-a-sus-afiliados-por-implementar-un-sistema-anticompetitivo-en-el-transporte-fluvial-de-carga-seca-entre-puerto-asis-y-leticia\/\"]}]},{\"@type\":\"ImageObject\",\"inLanguage\":\"en-US\",\"@id\":\"https:\/\/provimarcas.com\/la-sic-sanciono-e-impartio-ordenes-a-la-asociacion-aproef-y-a-sus-afiliados-por-implementar-un-sistema-anticompetitivo-en-el-transporte-fluvial-de-carga-seca-entre-puerto-asis-y-leticia\/#primaryimage\",\"url\":\"https:\/\/provimarcas.com\/wp-content\/uploads\/2026\/03\/BANNER_SANCION_APROEF_1600X400.jpg\",\"contentUrl\":\"https:\/\/provimarcas.com\/wp-content\/uploads\/2026\/03\/BANNER_SANCION_APROEF_1600X400.jpg\",\"width\":1280,\"height\":300},{\"@type\":\"BreadcrumbList\",\"@id\":\"https:\/\/provimarcas.com\/la-sic-sanciono-e-impartio-ordenes-a-la-asociacion-aproef-y-a-sus-afiliados-por-implementar-un-sistema-anticompetitivo-en-el-transporte-fluvial-de-carga-seca-entre-puerto-asis-y-leticia\/#breadcrumb\",\"itemListElement\":[{\"@type\":\"ListItem\",\"position\":1,\"name\":\"Home\",\"item\":\"https:\/\/provimarcas.com\/\"},{\"@type\":\"ListItem\",\"position\":2,\"name\":\"LA SIC SANCION\u00d3 E IMPARTI\u00d3 \u00d3RDENES A LA ASOCIACI\u00d3N APROEF Y A SUS AFILIADOS POR IMPLEMENTAR UN SISTEMA ANTICOMPETITIVO EN EL TRANSPORTE FLUVIAL DE CARGA SECA ENTRE PUERTO AS\u00cdS Y LETICIA\"}]},{\"@type\":\"WebSite\",\"@id\":\"https:\/\/provimarcas.com\/#website\",\"url\":\"https:\/\/provimarcas.com\/\",\"name\":\"Provimarcas\",\"description\":\"\",\"publisher\":{\"@id\":\"https:\/\/provimarcas.com\/#organization\"},\"potentialAction\":[{\"@type\":\"SearchAction\",\"target\":{\"@type\":\"EntryPoint\",\"urlTemplate\":\"https:\/\/provimarcas.com\/?s={search_term_string}\"},\"query-input\":\"required name=search_term_string\"}],\"inLanguage\":\"en-US\"},{\"@type\":\"Organization\",\"@id\":\"https:\/\/provimarcas.com\/#organization\",\"name\":\"Provimarcas\",\"url\":\"https:\/\/provimarcas.com\/\",\"logo\":{\"@type\":\"ImageObject\",\"inLanguage\":\"en-US\",\"@id\":\"https:\/\/provimarcas.com\/#\/schema\/logo\/image\/\",\"url\":\"https:\/\/provimarcas.com\/wp-content\/uploads\/2022\/09\/ingles_mobile-provimarcas.jpg\",\"contentUrl\":\"https:\/\/provimarcas.com\/wp-content\/uploads\/2022\/09\/ingles_mobile-provimarcas.jpg\",\"width\":480,\"height\":420,\"caption\":\"Provimarcas\"},\"image\":{\"@id\":\"https:\/\/provimarcas.com\/#\/schema\/logo\/image\/\"},\"sameAs\":[\"https:\/\/www.facebook.com\/provimarcas\"]},{\"@type\":\"Person\",\"@id\":\"https:\/\/provimarcas.com\/#\/schema\/person\/83273a4dac4b6c8f1f7e43776afafbb8\",\"name\":\"branding@provimarcas.com.co\",\"image\":{\"@type\":\"ImageObject\",\"inLanguage\":\"en-US\",\"@id\":\"https:\/\/provimarcas.com\/#\/schema\/person\/image\/\",\"url\":\"https:\/\/secure.gravatar.com\/avatar\/97aaf223ca7247f49baf65b5e92ea0a0?s=96&d=mm&r=g\",\"contentUrl\":\"https:\/\/secure.gravatar.com\/avatar\/97aaf223ca7247f49baf65b5e92ea0a0?s=96&d=mm&r=g\",\"caption\":\"branding@provimarcas.com.co\"},\"url\":\"https:\/\/provimarcas.com\/en\/author\/brandingprovimarcas-com-co\/\"}]}<\/script>\n<!-- \/ Yoast SEO plugin. -->","yoast_head_json":{"title":"LA SIC SANCION\u00d3 E IMPARTI\u00d3 \u00d3RDENES A LA ASOCIACI\u00d3N APROEF Y A SUS AFILIADOS POR IMPLEMENTAR UN SISTEMA ANTICOMPETITIVO EN EL TRANSPORTE FLUVIAL DE CARGA SECA ENTRE PUERTO AS\u00cdS Y LETICIA - Provimarcas","robots":{"index":"index","follow":"follow","max-snippet":"max-snippet:-1","max-image-preview":"max-image-preview:large","max-video-preview":"max-video-preview:-1"},"canonical":"https:\/\/provimarcas.com\/en\/la-sic-sanciono-e-impartio-ordenes-a-la-asociacion-aproef-y-a-sus-afiliados-por-implementar-un-sistema-anticompetitivo-en-el-transporte-fluvial-de-carga-seca-entre-puerto-asis-y-leticia\/","og_locale":"en_US","og_type":"article","og_title":"LA SIC SANCION\u00d3 E IMPARTI\u00d3 \u00d3RDENES A LA ASOCIACI\u00d3N APROEF Y A SUS AFILIADOS POR IMPLEMENTAR UN SISTEMA ANTICOMPETITIVO EN EL TRANSPORTE FLUVIAL DE CARGA SECA ENTRE PUERTO AS\u00cdS Y LETICIA - Provimarcas","og_description":"Bogot\u00e1 D. C., 16 de febrero de 2026. La Superintendencia de Industria y Comercio, mediante la Resoluci\u00f3n No. 4805 del 27 de [&hellip;]","og_url":"https:\/\/provimarcas.com\/en\/la-sic-sanciono-e-impartio-ordenes-a-la-asociacion-aproef-y-a-sus-afiliados-por-implementar-un-sistema-anticompetitivo-en-el-transporte-fluvial-de-carga-seca-entre-puerto-asis-y-leticia\/","og_site_name":"Provimarcas","article_publisher":"https:\/\/www.facebook.com\/provimarcas","article_published_time":"2026-03-11T12:42:26+00:00","article_modified_time":"2026-03-11T12:48:03+00:00","og_image":[{"width":1280,"height":300,"url":"https:\/\/provimarcas.com\/wp-content\/uploads\/2026\/03\/BANNER_SANCION_APROEF_1600X400.jpg","type":"image\/jpeg"}],"author":"branding@provimarcas.com.co","twitter_card":"summary_large_image","twitter_misc":{"Written by":"branding@provimarcas.com.co","Est. reading time":"4 minutes"},"schema":{"@context":"https:\/\/schema.org","@graph":[{"@type":"Article","@id":"https:\/\/provimarcas.com\/la-sic-sanciono-e-impartio-ordenes-a-la-asociacion-aproef-y-a-sus-afiliados-por-implementar-un-sistema-anticompetitivo-en-el-transporte-fluvial-de-carga-seca-entre-puerto-asis-y-leticia\/#article","isPartOf":{"@id":"https:\/\/provimarcas.com\/la-sic-sanciono-e-impartio-ordenes-a-la-asociacion-aproef-y-a-sus-afiliados-por-implementar-un-sistema-anticompetitivo-en-el-transporte-fluvial-de-carga-seca-entre-puerto-asis-y-leticia\/"},"author":{"name":"branding@provimarcas.com.co","@id":"https:\/\/provimarcas.com\/#\/schema\/person\/83273a4dac4b6c8f1f7e43776afafbb8"},"headline":"LA SIC SANCION\u00d3 E IMPARTI\u00d3 \u00d3RDENES A LA ASOCIACI\u00d3N APROEF Y A SUS AFILIADOS POR IMPLEMENTAR UN SISTEMA ANTICOMPETITIVO EN EL TRANSPORTE FLUVIAL DE CARGA SECA ENTRE PUERTO AS\u00cdS Y LETICIA","datePublished":"2026-03-11T12:42:26+00:00","dateModified":"2026-03-11T12:48:03+00:00","mainEntityOfPage":{"@id":"https:\/\/provimarcas.com\/la-sic-sanciono-e-impartio-ordenes-a-la-asociacion-aproef-y-a-sus-afiliados-por-implementar-un-sistema-anticompetitivo-en-el-transporte-fluvial-de-carga-seca-entre-puerto-asis-y-leticia\/"},"wordCount":772,"commentCount":0,"publisher":{"@id":"https:\/\/provimarcas.com\/#organization"},"image":{"@id":"https:\/\/provimarcas.com\/la-sic-sanciono-e-impartio-ordenes-a-la-asociacion-aproef-y-a-sus-afiliados-por-implementar-un-sistema-anticompetitivo-en-el-transporte-fluvial-de-carga-seca-entre-puerto-asis-y-leticia\/#primaryimage"},"thumbnailUrl":"https:\/\/provimarcas.com\/wp-content\/uploads\/2026\/03\/BANNER_SANCION_APROEF_1600X400.jpg","articleSection":["Espa\u00f1ol"],"inLanguage":"en-US","potentialAction":[{"@type":"CommentAction","name":"Comment","target":["https:\/\/provimarcas.com\/la-sic-sanciono-e-impartio-ordenes-a-la-asociacion-aproef-y-a-sus-afiliados-por-implementar-un-sistema-anticompetitivo-en-el-transporte-fluvial-de-carga-seca-entre-puerto-asis-y-leticia\/#respond"]}]},{"@type":"WebPage","@id":"https:\/\/provimarcas.com\/la-sic-sanciono-e-impartio-ordenes-a-la-asociacion-aproef-y-a-sus-afiliados-por-implementar-un-sistema-anticompetitivo-en-el-transporte-fluvial-de-carga-seca-entre-puerto-asis-y-leticia\/","url":"https:\/\/provimarcas.com\/la-sic-sanciono-e-impartio-ordenes-a-la-asociacion-aproef-y-a-sus-afiliados-por-implementar-un-sistema-anticompetitivo-en-el-transporte-fluvial-de-carga-seca-entre-puerto-asis-y-leticia\/","name":"LA SIC SANCION\u00d3 E IMPARTI\u00d3 \u00d3RDENES A LA ASOCIACI\u00d3N APROEF Y A SUS AFILIADOS POR IMPLEMENTAR UN SISTEMA ANTICOMPETITIVO EN EL TRANSPORTE FLUVIAL DE CARGA SECA ENTRE PUERTO AS\u00cdS Y LETICIA - Provimarcas","isPartOf":{"@id":"https:\/\/provimarcas.com\/#website"},"primaryImageOfPage":{"@id":"https:\/\/provimarcas.com\/la-sic-sanciono-e-impartio-ordenes-a-la-asociacion-aproef-y-a-sus-afiliados-por-implementar-un-sistema-anticompetitivo-en-el-transporte-fluvial-de-carga-seca-entre-puerto-asis-y-leticia\/#primaryimage"},"image":{"@id":"https:\/\/provimarcas.com\/la-sic-sanciono-e-impartio-ordenes-a-la-asociacion-aproef-y-a-sus-afiliados-por-implementar-un-sistema-anticompetitivo-en-el-transporte-fluvial-de-carga-seca-entre-puerto-asis-y-leticia\/#primaryimage"},"thumbnailUrl":"https:\/\/provimarcas.com\/wp-content\/uploads\/2026\/03\/BANNER_SANCION_APROEF_1600X400.jpg","datePublished":"2026-03-11T12:42:26+00:00","dateModified":"2026-03-11T12:48:03+00:00","breadcrumb":{"@id":"https:\/\/provimarcas.com\/la-sic-sanciono-e-impartio-ordenes-a-la-asociacion-aproef-y-a-sus-afiliados-por-implementar-un-sistema-anticompetitivo-en-el-transporte-fluvial-de-carga-seca-entre-puerto-asis-y-leticia\/#breadcrumb"},"inLanguage":"en-US","potentialAction":[{"@type":"ReadAction","target":["https:\/\/provimarcas.com\/la-sic-sanciono-e-impartio-ordenes-a-la-asociacion-aproef-y-a-sus-afiliados-por-implementar-un-sistema-anticompetitivo-en-el-transporte-fluvial-de-carga-seca-entre-puerto-asis-y-leticia\/"]}]},{"@type":"ImageObject","inLanguage":"en-US","@id":"https:\/\/provimarcas.com\/la-sic-sanciono-e-impartio-ordenes-a-la-asociacion-aproef-y-a-sus-afiliados-por-implementar-un-sistema-anticompetitivo-en-el-transporte-fluvial-de-carga-seca-entre-puerto-asis-y-leticia\/#primaryimage","url":"https:\/\/provimarcas.com\/wp-content\/uploads\/2026\/03\/BANNER_SANCION_APROEF_1600X400.jpg","contentUrl":"https:\/\/provimarcas.com\/wp-content\/uploads\/2026\/03\/BANNER_SANCION_APROEF_1600X400.jpg","width":1280,"height":300},{"@type":"BreadcrumbList","@id":"https:\/\/provimarcas.com\/la-sic-sanciono-e-impartio-ordenes-a-la-asociacion-aproef-y-a-sus-afiliados-por-implementar-un-sistema-anticompetitivo-en-el-transporte-fluvial-de-carga-seca-entre-puerto-asis-y-leticia\/#breadcrumb","itemListElement":[{"@type":"ListItem","position":1,"name":"Home","item":"https:\/\/provimarcas.com\/"},{"@type":"ListItem","position":2,"name":"LA SIC SANCION\u00d3 E IMPARTI\u00d3 \u00d3RDENES A LA ASOCIACI\u00d3N APROEF Y A SUS AFILIADOS POR IMPLEMENTAR UN SISTEMA ANTICOMPETITIVO EN EL TRANSPORTE FLUVIAL DE CARGA SECA ENTRE PUERTO AS\u00cdS Y LETICIA"}]},{"@type":"WebSite","@id":"https:\/\/provimarcas.com\/#website","url":"https:\/\/provimarcas.com\/","name":"Provimarcas","description":"","publisher":{"@id":"https:\/\/provimarcas.com\/#organization"},"potentialAction":[{"@type":"SearchAction","target":{"@type":"EntryPoint","urlTemplate":"https:\/\/provimarcas.com\/?s={search_term_string}"},"query-input":"required name=search_term_string"}],"inLanguage":"en-US"},{"@type":"Organization","@id":"https:\/\/provimarcas.com\/#organization","name":"Provimarcas","url":"https:\/\/provimarcas.com\/","logo":{"@type":"ImageObject","inLanguage":"en-US","@id":"https:\/\/provimarcas.com\/#\/schema\/logo\/image\/","url":"https:\/\/provimarcas.com\/wp-content\/uploads\/2022\/09\/ingles_mobile-provimarcas.jpg","contentUrl":"https:\/\/provimarcas.com\/wp-content\/uploads\/2022\/09\/ingles_mobile-provimarcas.jpg","width":480,"height":420,"caption":"Provimarcas"},"image":{"@id":"https:\/\/provimarcas.com\/#\/schema\/logo\/image\/"},"sameAs":["https:\/\/www.facebook.com\/provimarcas"]},{"@type":"Person","@id":"https:\/\/provimarcas.com\/#\/schema\/person\/83273a4dac4b6c8f1f7e43776afafbb8","name":"branding@provimarcas.com.co","image":{"@type":"ImageObject","inLanguage":"en-US","@id":"https:\/\/provimarcas.com\/#\/schema\/person\/image\/","url":"https:\/\/secure.gravatar.com\/avatar\/97aaf223ca7247f49baf65b5e92ea0a0?s=96&d=mm&r=g","contentUrl":"https:\/\/secure.gravatar.com\/avatar\/97aaf223ca7247f49baf65b5e92ea0a0?s=96&d=mm&r=g","caption":"branding@provimarcas.com.co"},"url":"https:\/\/provimarcas.com\/en\/author\/brandingprovimarcas-com-co\/"}]}},"_links":{"self":[{"href":"https:\/\/provimarcas.com\/en\/wp-json\/wp\/v2\/posts\/14131"}],"collection":[{"href":"https:\/\/provimarcas.com\/en\/wp-json\/wp\/v2\/posts"}],"about":[{"href":"https:\/\/provimarcas.com\/en\/wp-json\/wp\/v2\/types\/post"}],"author":[{"embeddable":true,"href":"https:\/\/provimarcas.com\/en\/wp-json\/wp\/v2\/users\/7"}],"replies":[{"embeddable":true,"href":"https:\/\/provimarcas.com\/en\/wp-json\/wp\/v2\/comments?post=14131"}],"version-history":[{"count":1,"href":"https:\/\/provimarcas.com\/en\/wp-json\/wp\/v2\/posts\/14131\/revisions"}],"predecessor-version":[{"id":14132,"href":"https:\/\/provimarcas.com\/en\/wp-json\/wp\/v2\/posts\/14131\/revisions\/14132"}],"wp:featuredmedia":[{"embeddable":true,"href":"https:\/\/provimarcas.com\/en\/wp-json\/wp\/v2\/media\/14133"}],"wp:attachment":[{"href":"https:\/\/provimarcas.com\/en\/wp-json\/wp\/v2\/media?parent=14131"}],"wp:term":[{"taxonomy":"category","embeddable":true,"href":"https:\/\/provimarcas.com\/en\/wp-json\/wp\/v2\/categories?post=14131"},{"taxonomy":"post_tag","embeddable":true,"href":"https:\/\/provimarcas.com\/en\/wp-json\/wp\/v2\/tags?post=14131"}],"curies":[{"name":"wp","href":"https:\/\/api.w.org\/{rel}","templated":true}]}}