{"id":14137,"date":"2026-03-11T09:31:31","date_gmt":"2026-03-11T14:31:31","guid":{"rendered":"https:\/\/provimarcas.com\/?p=14137"},"modified":"2026-03-11T09:31:32","modified_gmt":"2026-03-11T14:31:32","slug":"el-escritor-turolense-javier-sierra-premio-cedro-2026-por-defender-los-derechos-de-autor","status":"publish","type":"post","link":"https:\/\/provimarcas.com\/en\/el-escritor-turolense-javier-sierra-premio-cedro-2026-por-defender-los-derechos-de-autor\/","title":{"rendered":"EL ESCRITOR TUROLENSE JAVIER SIERRA, PREMIO CEDRO 2026 POR DEFENDER LOS DERECHOS DE AUTOR"},"content":{"rendered":"<p>Madrid, 16 feb (EFE).- El Centro Espa\u00f1ol de Derechos Reprogr\u00e1ficos (CEDRO) ha otorgado el Premio CEDRO 2026 al escritor y periodista turolense Javier Sierra, en reconocimiento a su contribuci\u00f3n a la defensa de los derechos de autor y de la cultura escrita, seg\u00fan ha acordado la Junta Directiva de la entidad este lunes.<\/p>\n\n\n\n<p>La presidenta de CEDRO, Carme Riera, ha subrayado en un comunicado que la trayectoria de Sierra &#8220;supone un compromiso firme con la defensa de los derechos de autor, con la cultura escrita y con los profesionales que la hacen posible&#8221;, una responsabilidad que el escritor ha manifestado en sus intervenciones p\u00fablicas y en los medios de comunicaci\u00f3n.<\/p>\n\n\n\n<p>Riera tambi\u00e9n ha destacado que el escritor es &#8220;una persona de actitud abierta y generosa&#8221; y ha asegurado que &#8220;es un lujo para CEDRO contar con \u00e9l como premiado&#8221;.<\/p>\n\n\n\n<p>El galard\u00f3n, que celebra este a\u00f1o su d\u00e9cimo aniversario, se entregar\u00e1 el pr\u00f3ximo 29 de abril en un acto enmarcado en el D\u00eda Internacional de la Propiedad Intelectual y al que est\u00e1 previsto que asistan los premiados en ediciones anteriores.<\/p>\n\n\n\n<p>Javier Sierra (Teruel, 1971) es licenciado en Periodismo por la Universidad complutense de Madrid y ha alcanzado proyecci\u00f3n nacional como cofundador de la revista &#8216;A\u00f1o Cero&#8217; y director de &#8216;M\u00e1s all\u00e1 de la Ciencia&#8217;, adem\u00e1s de dirigir y presentar diversos programas televisivos.<\/p>\n\n\n\n<p>El premiado ha cultivado una amplia obra narrativa en la que figuran t\u00edtulos como &#8216;La cena secreta&#8217; -traducida a 45 pa\u00edses y con la que se situ\u00f3 en el \u2018top 10\u2019 de ventas en Estados Unidos-, &#8216;El \u00e1ngel perdido&#8217;, &#8216;El maestro del Prado&#8217; o &#8216;El fuego invisible&#8217; (Premio Planeta en 2017), adem\u00e1s de varios ensayos sobre enigmas de la ciencia y la Historia.<\/p>\n\n\n\n<p>Este galard\u00f3n, creado en 2017, reconoce anualmente la trayectoria de personas o instituciones que destacan por la defensa de la cultura y de los derechos de autor, y ha reca\u00eddo en autores como Lorenzo Silva, Julia Navarro, Rosa Montero, Eduardo Maura, Antonio Mu\u00f1oz Molina, Gemma Lienas o Manuel Rivas, entre otros. EFE<\/p>\n\n\n\n<p>Informaci\u00f3n tomada de Infobae: <a href=\"https:\/\/www.infobae.com\/espana\/agencias\/2026\/02\/16\/el-escritor-turolense-javier-sierra-premio-cedro-2026-por-defender-los-derechos-de-autor\/\">https:\/\/www.infobae.com\/espana\/agencias\/2026\/02\/16\/el-escritor-turolense-javier-sierra-premio-cedro-2026-por-defender-los-derechos-de-autor\/<\/a><\/p>\n\n\n\n<p>Imagen tomada de <a href=\"https:\/\/www.elmundo.es\/ofertas-regalos\/2023\/09\/20\/6501ca67e4d4d8c0308b45af.html\">https:\/\/www.elmundo.es\/ofertas-regalos\/2023\/09\/20\/6501ca67e4d4d8c0308b45af.html<\/a><\/p>\n\n\n\n<p><\/p>","protected":false},"excerpt":{"rendered":"<p>Madrid, 16 feb (EFE).- El Centro Espa\u00f1ol de Derechos Reprogr\u00e1ficos (CEDRO) ha otorgado el Premio CEDRO 2026 al escritor y periodista turolense [&hellip;]<\/p>","protected":false},"author":7,"featured_media":14138,"comment_status":"open","ping_status":"open","sticky":false,"template":"","format":"standard","meta":{"footnotes":""},"categories":[9],"tags":[],"yoast_head":"<!-- This site is optimized with the Yoast SEO plugin v23.2 - https:\/\/yoast.com\/wordpress\/plugins\/seo\/ -->\n<title>EL ESCRITOR TUROLENSE JAVIER SIERRA, PREMIO CEDRO 2026 POR DEFENDER LOS DERECHOS DE AUTOR - Provimarcas<\/title>\n<meta name=\"robots\" content=\"index, follow, max-snippet:-1, max-image-preview:large, max-video-preview:-1\" \/>\n<link rel=\"canonical\" href=\"https:\/\/provimarcas.com\/en\/el-escritor-turolense-javier-sierra-premio-cedro-2026-por-defender-los-derechos-de-autor\/\" \/>\n<meta property=\"og:locale\" content=\"en_US\" \/>\n<meta property=\"og:type\" content=\"article\" \/>\n<meta property=\"og:title\" content=\"EL ESCRITOR TUROLENSE JAVIER SIERRA, PREMIO CEDRO 2026 POR DEFENDER LOS DERECHOS DE AUTOR - Provimarcas\" \/>\n<meta property=\"og:description\" content=\"Madrid, 16 feb (EFE).- El Centro Espa\u00f1ol de Derechos Reprogr\u00e1ficos (CEDRO) ha otorgado el Premio CEDRO 2026 al escritor y periodista turolense [&hellip;]\" \/>\n<meta property=\"og:url\" content=\"https:\/\/provimarcas.com\/en\/el-escritor-turolense-javier-sierra-premio-cedro-2026-por-defender-los-derechos-de-autor\/\" \/>\n<meta property=\"og:site_name\" content=\"Provimarcas\" \/>\n<meta property=\"article:publisher\" content=\"https:\/\/www.facebook.com\/provimarcas\" \/>\n<meta property=\"article:published_time\" content=\"2026-03-11T14:31:31+00:00\" \/>\n<meta property=\"article:modified_time\" content=\"2026-03-11T14:31:32+00:00\" \/>\n<meta property=\"og:image\" content=\"https:\/\/provimarcas.com\/wp-content\/uploads\/2026\/03\/16946203515027.webp\" \/>\n\t<meta property=\"og:image:width\" content=\"746\" \/>\n\t<meta property=\"og:image:height\" content=\"497\" \/>\n\t<meta property=\"og:image:type\" content=\"image\/webp\" \/>\n<meta name=\"author\" content=\"branding@provimarcas.com.co\" \/>\n<meta name=\"twitter:card\" content=\"summary_large_image\" \/>\n<meta name=\"twitter:label1\" content=\"Written by\" \/>\n\t<meta name=\"twitter:data1\" content=\"branding@provimarcas.com.co\" \/>\n\t<meta name=\"twitter:label2\" content=\"Est. reading time\" \/>\n\t<meta name=\"twitter:data2\" content=\"2 minutes\" \/>\n<script type=\"application\/ld+json\" class=\"yoast-schema-graph\">{\"@context\":\"https:\/\/schema.org\",\"@graph\":[{\"@type\":\"Article\",\"@id\":\"https:\/\/provimarcas.com\/el-escritor-turolense-javier-sierra-premio-cedro-2026-por-defender-los-derechos-de-autor\/#article\",\"isPartOf\":{\"@id\":\"https:\/\/provimarcas.com\/el-escritor-turolense-javier-sierra-premio-cedro-2026-por-defender-los-derechos-de-autor\/\"},\"author\":{\"name\":\"branding@provimarcas.com.co\",\"@id\":\"https:\/\/provimarcas.com\/#\/schema\/person\/83273a4dac4b6c8f1f7e43776afafbb8\"},\"headline\":\"EL ESCRITOR TUROLENSE JAVIER SIERRA, PREMIO CEDRO 2026 POR DEFENDER LOS DERECHOS DE AUTOR\",\"datePublished\":\"2026-03-11T14:31:31+00:00\",\"dateModified\":\"2026-03-11T14:31:32+00:00\",\"mainEntityOfPage\":{\"@id\":\"https:\/\/provimarcas.com\/el-escritor-turolense-javier-sierra-premio-cedro-2026-por-defender-los-derechos-de-autor\/\"},\"wordCount\":393,\"commentCount\":0,\"publisher\":{\"@id\":\"https:\/\/provimarcas.com\/#organization\"},\"image\":{\"@id\":\"https:\/\/provimarcas.com\/el-escritor-turolense-javier-sierra-premio-cedro-2026-por-defender-los-derechos-de-autor\/#primaryimage\"},\"thumbnailUrl\":\"https:\/\/provimarcas.com\/wp-content\/uploads\/2026\/03\/16946203515027.webp\",\"articleSection\":[\"Espa\u00f1ol\"],\"inLanguage\":\"en-US\",\"potentialAction\":[{\"@type\":\"CommentAction\",\"name\":\"Comment\",\"target\":[\"https:\/\/provimarcas.com\/el-escritor-turolense-javier-sierra-premio-cedro-2026-por-defender-los-derechos-de-autor\/#respond\"]}]},{\"@type\":\"WebPage\",\"@id\":\"https:\/\/provimarcas.com\/el-escritor-turolense-javier-sierra-premio-cedro-2026-por-defender-los-derechos-de-autor\/\",\"url\":\"https:\/\/provimarcas.com\/el-escritor-turolense-javier-sierra-premio-cedro-2026-por-defender-los-derechos-de-autor\/\",\"name\":\"EL ESCRITOR TUROLENSE JAVIER SIERRA, PREMIO CEDRO 2026 POR DEFENDER LOS DERECHOS DE AUTOR - Provimarcas\",\"isPartOf\":{\"@id\":\"https:\/\/provimarcas.com\/#website\"},\"primaryImageOfPage\":{\"@id\":\"https:\/\/provimarcas.com\/el-escritor-turolense-javier-sierra-premio-cedro-2026-por-defender-los-derechos-de-autor\/#primaryimage\"},\"image\":{\"@id\":\"https:\/\/provimarcas.com\/el-escritor-turolense-javier-sierra-premio-cedro-2026-por-defender-los-derechos-de-autor\/#primaryimage\"},\"thumbnailUrl\":\"https:\/\/provimarcas.com\/wp-content\/uploads\/2026\/03\/16946203515027.webp\",\"datePublished\":\"2026-03-11T14:31:31+00:00\",\"dateModified\":\"2026-03-11T14:31:32+00:00\",\"breadcrumb\":{\"@id\":\"https:\/\/provimarcas.com\/el-escritor-turolense-javier-sierra-premio-cedro-2026-por-defender-los-derechos-de-autor\/#breadcrumb\"},\"inLanguage\":\"en-US\",\"potentialAction\":[{\"@type\":\"ReadAction\",\"target\":[\"https:\/\/provimarcas.com\/el-escritor-turolense-javier-sierra-premio-cedro-2026-por-defender-los-derechos-de-autor\/\"]}]},{\"@type\":\"ImageObject\",\"inLanguage\":\"en-US\",\"@id\":\"https:\/\/provimarcas.com\/el-escritor-turolense-javier-sierra-premio-cedro-2026-por-defender-los-derechos-de-autor\/#primaryimage\",\"url\":\"https:\/\/provimarcas.com\/wp-content\/uploads\/2026\/03\/16946203515027.webp\",\"contentUrl\":\"https:\/\/provimarcas.com\/wp-content\/uploads\/2026\/03\/16946203515027.webp\",\"width\":746,\"height\":497},{\"@type\":\"BreadcrumbList\",\"@id\":\"https:\/\/provimarcas.com\/el-escritor-turolense-javier-sierra-premio-cedro-2026-por-defender-los-derechos-de-autor\/#breadcrumb\",\"itemListElement\":[{\"@type\":\"ListItem\",\"position\":1,\"name\":\"Home\",\"item\":\"https:\/\/provimarcas.com\/\"},{\"@type\":\"ListItem\",\"position\":2,\"name\":\"EL ESCRITOR TUROLENSE JAVIER SIERRA, PREMIO CEDRO 2026 POR DEFENDER LOS DERECHOS DE AUTOR\"}]},{\"@type\":\"WebSite\",\"@id\":\"https:\/\/provimarcas.com\/#website\",\"url\":\"https:\/\/provimarcas.com\/\",\"name\":\"Provimarcas\",\"description\":\"\",\"publisher\":{\"@id\":\"https:\/\/provimarcas.com\/#organization\"},\"potentialAction\":[{\"@type\":\"SearchAction\",\"target\":{\"@type\":\"EntryPoint\",\"urlTemplate\":\"https:\/\/provimarcas.com\/?s={search_term_string}\"},\"query-input\":\"required name=search_term_string\"}],\"inLanguage\":\"en-US\"},{\"@type\":\"Organization\",\"@id\":\"https:\/\/provimarcas.com\/#organization\",\"name\":\"Provimarcas\",\"url\":\"https:\/\/provimarcas.com\/\",\"logo\":{\"@type\":\"ImageObject\",\"inLanguage\":\"en-US\",\"@id\":\"https:\/\/provimarcas.com\/#\/schema\/logo\/image\/\",\"url\":\"https:\/\/provimarcas.com\/wp-content\/uploads\/2022\/09\/ingles_mobile-provimarcas.jpg\",\"contentUrl\":\"https:\/\/provimarcas.com\/wp-content\/uploads\/2022\/09\/ingles_mobile-provimarcas.jpg\",\"width\":480,\"height\":420,\"caption\":\"Provimarcas\"},\"image\":{\"@id\":\"https:\/\/provimarcas.com\/#\/schema\/logo\/image\/\"},\"sameAs\":[\"https:\/\/www.facebook.com\/provimarcas\"]},{\"@type\":\"Person\",\"@id\":\"https:\/\/provimarcas.com\/#\/schema\/person\/83273a4dac4b6c8f1f7e43776afafbb8\",\"name\":\"branding@provimarcas.com.co\",\"image\":{\"@type\":\"ImageObject\",\"inLanguage\":\"en-US\",\"@id\":\"https:\/\/provimarcas.com\/#\/schema\/person\/image\/\",\"url\":\"https:\/\/secure.gravatar.com\/avatar\/97aaf223ca7247f49baf65b5e92ea0a0?s=96&d=mm&r=g\",\"contentUrl\":\"https:\/\/secure.gravatar.com\/avatar\/97aaf223ca7247f49baf65b5e92ea0a0?s=96&d=mm&r=g\",\"caption\":\"branding@provimarcas.com.co\"},\"url\":\"https:\/\/provimarcas.com\/en\/author\/brandingprovimarcas-com-co\/\"}]}<\/script>\n<!-- \/ Yoast SEO plugin. -->","yoast_head_json":{"title":"EL ESCRITOR TUROLENSE JAVIER SIERRA, PREMIO CEDRO 2026 POR DEFENDER LOS DERECHOS DE AUTOR - Provimarcas","robots":{"index":"index","follow":"follow","max-snippet":"max-snippet:-1","max-image-preview":"max-image-preview:large","max-video-preview":"max-video-preview:-1"},"canonical":"https:\/\/provimarcas.com\/en\/el-escritor-turolense-javier-sierra-premio-cedro-2026-por-defender-los-derechos-de-autor\/","og_locale":"en_US","og_type":"article","og_title":"EL ESCRITOR TUROLENSE JAVIER SIERRA, PREMIO CEDRO 2026 POR DEFENDER LOS DERECHOS DE AUTOR - Provimarcas","og_description":"Madrid, 16 feb (EFE).- El Centro Espa\u00f1ol de Derechos Reprogr\u00e1ficos (CEDRO) ha otorgado el Premio CEDRO 2026 al escritor y periodista turolense [&hellip;]","og_url":"https:\/\/provimarcas.com\/en\/el-escritor-turolense-javier-sierra-premio-cedro-2026-por-defender-los-derechos-de-autor\/","og_site_name":"Provimarcas","article_publisher":"https:\/\/www.facebook.com\/provimarcas","article_published_time":"2026-03-11T14:31:31+00:00","article_modified_time":"2026-03-11T14:31:32+00:00","og_image":[{"width":746,"height":497,"url":"https:\/\/provimarcas.com\/wp-content\/uploads\/2026\/03\/16946203515027.webp","type":"image\/webp"}],"author":"branding@provimarcas.com.co","twitter_card":"summary_large_image","twitter_misc":{"Written by":"branding@provimarcas.com.co","Est. reading time":"2 minutes"},"schema":{"@context":"https:\/\/schema.org","@graph":[{"@type":"Article","@id":"https:\/\/provimarcas.com\/el-escritor-turolense-javier-sierra-premio-cedro-2026-por-defender-los-derechos-de-autor\/#article","isPartOf":{"@id":"https:\/\/provimarcas.com\/el-escritor-turolense-javier-sierra-premio-cedro-2026-por-defender-los-derechos-de-autor\/"},"author":{"name":"branding@provimarcas.com.co","@id":"https:\/\/provimarcas.com\/#\/schema\/person\/83273a4dac4b6c8f1f7e43776afafbb8"},"headline":"EL ESCRITOR TUROLENSE JAVIER SIERRA, PREMIO CEDRO 2026 POR DEFENDER LOS DERECHOS DE AUTOR","datePublished":"2026-03-11T14:31:31+00:00","dateModified":"2026-03-11T14:31:32+00:00","mainEntityOfPage":{"@id":"https:\/\/provimarcas.com\/el-escritor-turolense-javier-sierra-premio-cedro-2026-por-defender-los-derechos-de-autor\/"},"wordCount":393,"commentCount":0,"publisher":{"@id":"https:\/\/provimarcas.com\/#organization"},"image":{"@id":"https:\/\/provimarcas.com\/el-escritor-turolense-javier-sierra-premio-cedro-2026-por-defender-los-derechos-de-autor\/#primaryimage"},"thumbnailUrl":"https:\/\/provimarcas.com\/wp-content\/uploads\/2026\/03\/16946203515027.webp","articleSection":["Espa\u00f1ol"],"inLanguage":"en-US","potentialAction":[{"@type":"CommentAction","name":"Comment","target":["https:\/\/provimarcas.com\/el-escritor-turolense-javier-sierra-premio-cedro-2026-por-defender-los-derechos-de-autor\/#respond"]}]},{"@type":"WebPage","@id":"https:\/\/provimarcas.com\/el-escritor-turolense-javier-sierra-premio-cedro-2026-por-defender-los-derechos-de-autor\/","url":"https:\/\/provimarcas.com\/el-escritor-turolense-javier-sierra-premio-cedro-2026-por-defender-los-derechos-de-autor\/","name":"EL ESCRITOR TUROLENSE JAVIER SIERRA, PREMIO CEDRO 2026 POR DEFENDER LOS DERECHOS DE AUTOR - Provimarcas","isPartOf":{"@id":"https:\/\/provimarcas.com\/#website"},"primaryImageOfPage":{"@id":"https:\/\/provimarcas.com\/el-escritor-turolense-javier-sierra-premio-cedro-2026-por-defender-los-derechos-de-autor\/#primaryimage"},"image":{"@id":"https:\/\/provimarcas.com\/el-escritor-turolense-javier-sierra-premio-cedro-2026-por-defender-los-derechos-de-autor\/#primaryimage"},"thumbnailUrl":"https:\/\/provimarcas.com\/wp-content\/uploads\/2026\/03\/16946203515027.webp","datePublished":"2026-03-11T14:31:31+00:00","dateModified":"2026-03-11T14:31:32+00:00","breadcrumb":{"@id":"https:\/\/provimarcas.com\/el-escritor-turolense-javier-sierra-premio-cedro-2026-por-defender-los-derechos-de-autor\/#breadcrumb"},"inLanguage":"en-US","potentialAction":[{"@type":"ReadAction","target":["https:\/\/provimarcas.com\/el-escritor-turolense-javier-sierra-premio-cedro-2026-por-defender-los-derechos-de-autor\/"]}]},{"@type":"ImageObject","inLanguage":"en-US","@id":"https:\/\/provimarcas.com\/el-escritor-turolense-javier-sierra-premio-cedro-2026-por-defender-los-derechos-de-autor\/#primaryimage","url":"https:\/\/provimarcas.com\/wp-content\/uploads\/2026\/03\/16946203515027.webp","contentUrl":"https:\/\/provimarcas.com\/wp-content\/uploads\/2026\/03\/16946203515027.webp","width":746,"height":497},{"@type":"BreadcrumbList","@id":"https:\/\/provimarcas.com\/el-escritor-turolense-javier-sierra-premio-cedro-2026-por-defender-los-derechos-de-autor\/#breadcrumb","itemListElement":[{"@type":"ListItem","position":1,"name":"Home","item":"https:\/\/provimarcas.com\/"},{"@type":"ListItem","position":2,"name":"EL ESCRITOR TUROLENSE JAVIER SIERRA, PREMIO CEDRO 2026 POR DEFENDER LOS DERECHOS DE AUTOR"}]},{"@type":"WebSite","@id":"https:\/\/provimarcas.com\/#website","url":"https:\/\/provimarcas.com\/","name":"Provimarcas","description":"","publisher":{"@id":"https:\/\/provimarcas.com\/#organization"},"potentialAction":[{"@type":"SearchAction","target":{"@type":"EntryPoint","urlTemplate":"https:\/\/provimarcas.com\/?s={search_term_string}"},"query-input":"required name=search_term_string"}],"inLanguage":"en-US"},{"@type":"Organization","@id":"https:\/\/provimarcas.com\/#organization","name":"Provimarcas","url":"https:\/\/provimarcas.com\/","logo":{"@type":"ImageObject","inLanguage":"en-US","@id":"https:\/\/provimarcas.com\/#\/schema\/logo\/image\/","url":"https:\/\/provimarcas.com\/wp-content\/uploads\/2022\/09\/ingles_mobile-provimarcas.jpg","contentUrl":"https:\/\/provimarcas.com\/wp-content\/uploads\/2022\/09\/ingles_mobile-provimarcas.jpg","width":480,"height":420,"caption":"Provimarcas"},"image":{"@id":"https:\/\/provimarcas.com\/#\/schema\/logo\/image\/"},"sameAs":["https:\/\/www.facebook.com\/provimarcas"]},{"@type":"Person","@id":"https:\/\/provimarcas.com\/#\/schema\/person\/83273a4dac4b6c8f1f7e43776afafbb8","name":"branding@provimarcas.com.co","image":{"@type":"ImageObject","inLanguage":"en-US","@id":"https:\/\/provimarcas.com\/#\/schema\/person\/image\/","url":"https:\/\/secure.gravatar.com\/avatar\/97aaf223ca7247f49baf65b5e92ea0a0?s=96&d=mm&r=g","contentUrl":"https:\/\/secure.gravatar.com\/avatar\/97aaf223ca7247f49baf65b5e92ea0a0?s=96&d=mm&r=g","caption":"branding@provimarcas.com.co"},"url":"https:\/\/provimarcas.com\/en\/author\/brandingprovimarcas-com-co\/"}]}},"_links":{"self":[{"href":"https:\/\/provimarcas.com\/en\/wp-json\/wp\/v2\/posts\/14137"}],"collection":[{"href":"https:\/\/provimarcas.com\/en\/wp-json\/wp\/v2\/posts"}],"about":[{"href":"https:\/\/provimarcas.com\/en\/wp-json\/wp\/v2\/types\/post"}],"author":[{"embeddable":true,"href":"https:\/\/provimarcas.com\/en\/wp-json\/wp\/v2\/users\/7"}],"replies":[{"embeddable":true,"href":"https:\/\/provimarcas.com\/en\/wp-json\/wp\/v2\/comments?post=14137"}],"version-history":[{"count":1,"href":"https:\/\/provimarcas.com\/en\/wp-json\/wp\/v2\/posts\/14137\/revisions"}],"predecessor-version":[{"id":14139,"href":"https:\/\/provimarcas.com\/en\/wp-json\/wp\/v2\/posts\/14137\/revisions\/14139"}],"wp:featuredmedia":[{"embeddable":true,"href":"https:\/\/provimarcas.com\/en\/wp-json\/wp\/v2\/media\/14138"}],"wp:attachment":[{"href":"https:\/\/provimarcas.com\/en\/wp-json\/wp\/v2\/media?parent=14137"}],"wp:term":[{"taxonomy":"category","embeddable":true,"href":"https:\/\/provimarcas.com\/en\/wp-json\/wp\/v2\/categories?post=14137"},{"taxonomy":"post_tag","embeddable":true,"href":"https:\/\/provimarcas.com\/en\/wp-json\/wp\/v2\/tags?post=14137"}],"curies":[{"name":"wp","href":"https:\/\/api.w.org\/{rel}","templated":true}]}}