{"id":14147,"date":"2026-03-11T09:57:29","date_gmt":"2026-03-11T14:57:29","guid":{"rendered":"https:\/\/provimarcas.com\/?p=14147"},"modified":"2026-03-11T09:59:11","modified_gmt":"2026-03-11T14:59:11","slug":"juzgado-en-espana-admite-contrademanda-de-frisby-espana-contra-la-empresa-colombiana","status":"publish","type":"post","link":"https:\/\/provimarcas.com\/en\/juzgado-en-espana-admite-contrademanda-de-frisby-espana-contra-la-empresa-colombiana\/","title":{"rendered":"JUZGADO EN ESPA\u00d1A ADMITE CONTRADEMANDA DE FRISBY ESPA\u00d1A CONTRA LA EMPRESA COLOMBIANA"},"content":{"rendered":"<p>La decisi\u00f3n da por contestada la demanda principal y permite que avance la contrademanda de la empresa espa\u00f1ola.<\/p>\n\n\n\n<p>La disputa legal entre Frisby Espa\u00f1a SL y la colombiana Frisby S.A. BIC por uso de marca dio un nuevo paso en los tribunales europeos.<\/p>\n\n\n\n<p>La decisi\u00f3n judicial, emitida el 12 de febrero, da por contestada la demanda principal y permite que avance la contrademanda de la empresa espa\u00f1ola. Adem\u00e1s, el juzgado otorg\u00f3 un plazo de dos meses a la compa\u00f1\u00eda colombiana para responder a los argumentos planteados.<\/p>\n\n\n\n<p>\u00bfQu\u00e9 est\u00e1 reclamando Frisby Espa\u00f1a?&nbsp;<\/p>\n\n\n\n<p>Frisby Espa\u00f1a asegura que, entre mayo y diciembre de 2025, la empresa colombiana obtuvo un \u201cenriquecimiento econ\u00f3mico extraordinario\u201d frente al mismo periodo de 2024.<\/p>\n\n\n\n<p>Seg\u00fan la firma espa\u00f1ola, ese aumento de beneficios se habr\u00eda producido en medio de una fuerte movilizaci\u00f3n comercial y medi\u00e1tica en Colombia relacionada con la controversia entre ambas compa\u00f1\u00edas.<\/p>\n\n\n\n<p>En t\u00e9rminos sencillos, la empresa espa\u00f1ola sostiene que su contraparte colombiana se benefici\u00f3 econ\u00f3micamente de la pol\u00e9mica p\u00fablica y que parte de ese crecimiento estar\u00eda ligado a una narrativa que, seg\u00fan su versi\u00f3n, no expuso todos los elementos jur\u00eddicos del caso.<\/p>\n\n\n\n<p>Adem\u00e1s del pago de ese supuesto enriquecimiento, la compa\u00f1\u00eda espa\u00f1ola solicita una indemnizaci\u00f3n por los da\u00f1os comerciales y reputacionales que, afirma, sufri\u00f3 en el mercado europeo como consecuencia de la difusi\u00f3n de acusaciones p\u00fablicas como \u201crobo\u201d, \u201cusurpaci\u00f3n\u201d o \u201cagresi\u00f3n\u201d.<\/p>\n\n\n\n<p>El debate por la marca en Europa&nbsp;&nbsp;<\/p>\n\n\n\n<p>Uno de los puntos centrales del conflicto tiene que ver con los derechos sobre la marca en territorio europeo. Frisby Espa\u00f1a sostiene que cuenta con registros v\u00e1lidos en la Uni\u00f3n Europea y que existen procesos legales en curso relacionados con el uso o no uso de determinadas marcas.<\/p>\n\n\n\n<p>Seg\u00fan el comunicado, la movilizaci\u00f3n p\u00fablica en Colombia habr\u00eda omitido mencionar estos aspectos jur\u00eddicos, lo que, en su criterio, gener\u00f3 un relato incompleto que afect\u00f3 su posici\u00f3n en Europa.<\/p>\n\n\n\n<p>No hay cifra definida, pero piden peritaje&nbsp;&nbsp;<\/p>\n\n\n\n<p>Hasta ahora no existe una cifra concreta sobre cu\u00e1nto dinero estar\u00eda reclamando la empresa espa\u00f1ola. Frisby Espa\u00f1a indic\u00f3 que se solicit\u00f3 al juzgado la realizaci\u00f3n de una pericial contable especializada para calcular el valor del supuesto beneficio extraordinario y del impacto reputacional.<\/p>\n\n\n\n<p>Ese an\u00e1lisis incluir\u00eda la valoraci\u00f3n de activos intangibles, como la marca y la reputaci\u00f3n empresarial, con el fin de determinar de manera t\u00e9cnica el monto de una eventual indemnizaci\u00f3n.<\/p>\n\n\n\n<p>Informaci\u00f3n tomada de Portafolio:\u00a0<a href=\"https:\/\/www.portafolio.co\/negocios\/empresas\/juzgado-en-espana-admite-contrademanda-de-frisby-espana-contra-la-empresa-colombiana-488307\">https:\/\/www.portafolio.co\/negocios\/empresas\/juzgado-en-espana-admite-contrademanda-de-frisby-espana-contra-la-empresa-colombiana-488307<\/a><\/p>\n\n\n\n<p><\/p>","protected":false},"excerpt":{"rendered":"<p>La decisi\u00f3n da por contestada la demanda principal y permite que avance la contrademanda de la empresa espa\u00f1ola. La disputa legal entre [&hellip;]<\/p>","protected":false},"author":7,"featured_media":14149,"comment_status":"open","ping_status":"open","sticky":false,"template":"","format":"standard","meta":{"footnotes":""},"categories":[9],"tags":[],"yoast_head":"<!-- This site is optimized with the Yoast SEO plugin v23.2 - https:\/\/yoast.com\/wordpress\/plugins\/seo\/ -->\n<title>JUZGADO EN ESPA\u00d1A ADMITE CONTRADEMANDA DE FRISBY ESPA\u00d1A CONTRA LA EMPRESA COLOMBIANA - Provimarcas<\/title>\n<meta name=\"robots\" content=\"index, follow, max-snippet:-1, max-image-preview:large, max-video-preview:-1\" \/>\n<link rel=\"canonical\" href=\"https:\/\/provimarcas.com\/en\/juzgado-en-espana-admite-contrademanda-de-frisby-espana-contra-la-empresa-colombiana\/\" \/>\n<meta property=\"og:locale\" content=\"en_US\" \/>\n<meta property=\"og:type\" content=\"article\" \/>\n<meta property=\"og:title\" content=\"JUZGADO EN ESPA\u00d1A ADMITE CONTRADEMANDA DE FRISBY ESPA\u00d1A CONTRA LA EMPRESA COLOMBIANA - Provimarcas\" \/>\n<meta property=\"og:description\" content=\"La decisi\u00f3n da por contestada la demanda principal y permite que avance la contrademanda de la empresa espa\u00f1ola. La disputa legal entre [&hellip;]\" \/>\n<meta property=\"og:url\" content=\"https:\/\/provimarcas.com\/en\/juzgado-en-espana-admite-contrademanda-de-frisby-espana-contra-la-empresa-colombiana\/\" \/>\n<meta property=\"og:site_name\" content=\"Provimarcas\" \/>\n<meta property=\"article:publisher\" content=\"https:\/\/www.facebook.com\/provimarcas\" \/>\n<meta property=\"article:published_time\" content=\"2026-03-11T14:57:29+00:00\" \/>\n<meta property=\"article:modified_time\" content=\"2026-03-11T14:59:11+00:00\" \/>\n<meta property=\"og:image\" content=\"https:\/\/provimarcas.com\/wp-content\/uploads\/2026\/03\/6824ebf98c8e9.png\" \/>\n\t<meta property=\"og:image:width\" content=\"1200\" \/>\n\t<meta property=\"og:image:height\" content=\"600\" \/>\n\t<meta property=\"og:image:type\" content=\"image\/png\" \/>\n<meta name=\"author\" content=\"branding@provimarcas.com.co\" \/>\n<meta name=\"twitter:card\" content=\"summary_large_image\" \/>\n<meta name=\"twitter:label1\" content=\"Written by\" \/>\n\t<meta name=\"twitter:data1\" content=\"branding@provimarcas.com.co\" \/>\n\t<meta name=\"twitter:label2\" content=\"Est. reading time\" \/>\n\t<meta name=\"twitter:data2\" content=\"2 minutes\" \/>\n<script type=\"application\/ld+json\" class=\"yoast-schema-graph\">{\"@context\":\"https:\/\/schema.org\",\"@graph\":[{\"@type\":\"Article\",\"@id\":\"https:\/\/provimarcas.com\/juzgado-en-espana-admite-contrademanda-de-frisby-espana-contra-la-empresa-colombiana\/#article\",\"isPartOf\":{\"@id\":\"https:\/\/provimarcas.com\/juzgado-en-espana-admite-contrademanda-de-frisby-espana-contra-la-empresa-colombiana\/\"},\"author\":{\"name\":\"branding@provimarcas.com.co\",\"@id\":\"https:\/\/provimarcas.com\/#\/schema\/person\/83273a4dac4b6c8f1f7e43776afafbb8\"},\"headline\":\"JUZGADO EN ESPA\u00d1A ADMITE CONTRADEMANDA DE FRISBY ESPA\u00d1A CONTRA LA EMPRESA COLOMBIANA\",\"datePublished\":\"2026-03-11T14:57:29+00:00\",\"dateModified\":\"2026-03-11T14:59:11+00:00\",\"mainEntityOfPage\":{\"@id\":\"https:\/\/provimarcas.com\/juzgado-en-espana-admite-contrademanda-de-frisby-espana-contra-la-empresa-colombiana\/\"},\"wordCount\":469,\"commentCount\":0,\"publisher\":{\"@id\":\"https:\/\/provimarcas.com\/#organization\"},\"image\":{\"@id\":\"https:\/\/provimarcas.com\/juzgado-en-espana-admite-contrademanda-de-frisby-espana-contra-la-empresa-colombiana\/#primaryimage\"},\"thumbnailUrl\":\"https:\/\/provimarcas.com\/wp-content\/uploads\/2026\/03\/6824ebf98c8e9.png\",\"articleSection\":[\"Espa\u00f1ol\"],\"inLanguage\":\"en-US\",\"potentialAction\":[{\"@type\":\"CommentAction\",\"name\":\"Comment\",\"target\":[\"https:\/\/provimarcas.com\/juzgado-en-espana-admite-contrademanda-de-frisby-espana-contra-la-empresa-colombiana\/#respond\"]}]},{\"@type\":\"WebPage\",\"@id\":\"https:\/\/provimarcas.com\/juzgado-en-espana-admite-contrademanda-de-frisby-espana-contra-la-empresa-colombiana\/\",\"url\":\"https:\/\/provimarcas.com\/juzgado-en-espana-admite-contrademanda-de-frisby-espana-contra-la-empresa-colombiana\/\",\"name\":\"JUZGADO EN ESPA\u00d1A ADMITE CONTRADEMANDA DE FRISBY ESPA\u00d1A CONTRA LA EMPRESA COLOMBIANA - Provimarcas\",\"isPartOf\":{\"@id\":\"https:\/\/provimarcas.com\/#website\"},\"primaryImageOfPage\":{\"@id\":\"https:\/\/provimarcas.com\/juzgado-en-espana-admite-contrademanda-de-frisby-espana-contra-la-empresa-colombiana\/#primaryimage\"},\"image\":{\"@id\":\"https:\/\/provimarcas.com\/juzgado-en-espana-admite-contrademanda-de-frisby-espana-contra-la-empresa-colombiana\/#primaryimage\"},\"thumbnailUrl\":\"https:\/\/provimarcas.com\/wp-content\/uploads\/2026\/03\/6824ebf98c8e9.png\",\"datePublished\":\"2026-03-11T14:57:29+00:00\",\"dateModified\":\"2026-03-11T14:59:11+00:00\",\"breadcrumb\":{\"@id\":\"https:\/\/provimarcas.com\/juzgado-en-espana-admite-contrademanda-de-frisby-espana-contra-la-empresa-colombiana\/#breadcrumb\"},\"inLanguage\":\"en-US\",\"potentialAction\":[{\"@type\":\"ReadAction\",\"target\":[\"https:\/\/provimarcas.com\/juzgado-en-espana-admite-contrademanda-de-frisby-espana-contra-la-empresa-colombiana\/\"]}]},{\"@type\":\"ImageObject\",\"inLanguage\":\"en-US\",\"@id\":\"https:\/\/provimarcas.com\/juzgado-en-espana-admite-contrademanda-de-frisby-espana-contra-la-empresa-colombiana\/#primaryimage\",\"url\":\"https:\/\/provimarcas.com\/wp-content\/uploads\/2026\/03\/6824ebf98c8e9.png\",\"contentUrl\":\"https:\/\/provimarcas.com\/wp-content\/uploads\/2026\/03\/6824ebf98c8e9.png\",\"width\":1200,\"height\":600},{\"@type\":\"BreadcrumbList\",\"@id\":\"https:\/\/provimarcas.com\/juzgado-en-espana-admite-contrademanda-de-frisby-espana-contra-la-empresa-colombiana\/#breadcrumb\",\"itemListElement\":[{\"@type\":\"ListItem\",\"position\":1,\"name\":\"Home\",\"item\":\"https:\/\/provimarcas.com\/\"},{\"@type\":\"ListItem\",\"position\":2,\"name\":\"JUZGADO EN ESPA\u00d1A ADMITE CONTRADEMANDA DE FRISBY ESPA\u00d1A CONTRA LA EMPRESA COLOMBIANA\"}]},{\"@type\":\"WebSite\",\"@id\":\"https:\/\/provimarcas.com\/#website\",\"url\":\"https:\/\/provimarcas.com\/\",\"name\":\"Provimarcas\",\"description\":\"\",\"publisher\":{\"@id\":\"https:\/\/provimarcas.com\/#organization\"},\"potentialAction\":[{\"@type\":\"SearchAction\",\"target\":{\"@type\":\"EntryPoint\",\"urlTemplate\":\"https:\/\/provimarcas.com\/?s={search_term_string}\"},\"query-input\":\"required name=search_term_string\"}],\"inLanguage\":\"en-US\"},{\"@type\":\"Organization\",\"@id\":\"https:\/\/provimarcas.com\/#organization\",\"name\":\"Provimarcas\",\"url\":\"https:\/\/provimarcas.com\/\",\"logo\":{\"@type\":\"ImageObject\",\"inLanguage\":\"en-US\",\"@id\":\"https:\/\/provimarcas.com\/#\/schema\/logo\/image\/\",\"url\":\"https:\/\/provimarcas.com\/wp-content\/uploads\/2022\/09\/ingles_mobile-provimarcas.jpg\",\"contentUrl\":\"https:\/\/provimarcas.com\/wp-content\/uploads\/2022\/09\/ingles_mobile-provimarcas.jpg\",\"width\":480,\"height\":420,\"caption\":\"Provimarcas\"},\"image\":{\"@id\":\"https:\/\/provimarcas.com\/#\/schema\/logo\/image\/\"},\"sameAs\":[\"https:\/\/www.facebook.com\/provimarcas\"]},{\"@type\":\"Person\",\"@id\":\"https:\/\/provimarcas.com\/#\/schema\/person\/83273a4dac4b6c8f1f7e43776afafbb8\",\"name\":\"branding@provimarcas.com.co\",\"image\":{\"@type\":\"ImageObject\",\"inLanguage\":\"en-US\",\"@id\":\"https:\/\/provimarcas.com\/#\/schema\/person\/image\/\",\"url\":\"https:\/\/secure.gravatar.com\/avatar\/97aaf223ca7247f49baf65b5e92ea0a0?s=96&d=mm&r=g\",\"contentUrl\":\"https:\/\/secure.gravatar.com\/avatar\/97aaf223ca7247f49baf65b5e92ea0a0?s=96&d=mm&r=g\",\"caption\":\"branding@provimarcas.com.co\"},\"url\":\"https:\/\/provimarcas.com\/en\/author\/brandingprovimarcas-com-co\/\"}]}<\/script>\n<!-- \/ Yoast SEO plugin. -->","yoast_head_json":{"title":"JUZGADO EN ESPA\u00d1A ADMITE CONTRADEMANDA DE FRISBY ESPA\u00d1A CONTRA LA EMPRESA COLOMBIANA - Provimarcas","robots":{"index":"index","follow":"follow","max-snippet":"max-snippet:-1","max-image-preview":"max-image-preview:large","max-video-preview":"max-video-preview:-1"},"canonical":"https:\/\/provimarcas.com\/en\/juzgado-en-espana-admite-contrademanda-de-frisby-espana-contra-la-empresa-colombiana\/","og_locale":"en_US","og_type":"article","og_title":"JUZGADO EN ESPA\u00d1A ADMITE CONTRADEMANDA DE FRISBY ESPA\u00d1A CONTRA LA EMPRESA COLOMBIANA - Provimarcas","og_description":"La decisi\u00f3n da por contestada la demanda principal y permite que avance la contrademanda de la empresa espa\u00f1ola. La disputa legal entre [&hellip;]","og_url":"https:\/\/provimarcas.com\/en\/juzgado-en-espana-admite-contrademanda-de-frisby-espana-contra-la-empresa-colombiana\/","og_site_name":"Provimarcas","article_publisher":"https:\/\/www.facebook.com\/provimarcas","article_published_time":"2026-03-11T14:57:29+00:00","article_modified_time":"2026-03-11T14:59:11+00:00","og_image":[{"width":1200,"height":600,"url":"https:\/\/provimarcas.com\/wp-content\/uploads\/2026\/03\/6824ebf98c8e9.png","type":"image\/png"}],"author":"branding@provimarcas.com.co","twitter_card":"summary_large_image","twitter_misc":{"Written by":"branding@provimarcas.com.co","Est. reading time":"2 minutes"},"schema":{"@context":"https:\/\/schema.org","@graph":[{"@type":"Article","@id":"https:\/\/provimarcas.com\/juzgado-en-espana-admite-contrademanda-de-frisby-espana-contra-la-empresa-colombiana\/#article","isPartOf":{"@id":"https:\/\/provimarcas.com\/juzgado-en-espana-admite-contrademanda-de-frisby-espana-contra-la-empresa-colombiana\/"},"author":{"name":"branding@provimarcas.com.co","@id":"https:\/\/provimarcas.com\/#\/schema\/person\/83273a4dac4b6c8f1f7e43776afafbb8"},"headline":"JUZGADO EN ESPA\u00d1A ADMITE CONTRADEMANDA DE FRISBY ESPA\u00d1A CONTRA LA EMPRESA COLOMBIANA","datePublished":"2026-03-11T14:57:29+00:00","dateModified":"2026-03-11T14:59:11+00:00","mainEntityOfPage":{"@id":"https:\/\/provimarcas.com\/juzgado-en-espana-admite-contrademanda-de-frisby-espana-contra-la-empresa-colombiana\/"},"wordCount":469,"commentCount":0,"publisher":{"@id":"https:\/\/provimarcas.com\/#organization"},"image":{"@id":"https:\/\/provimarcas.com\/juzgado-en-espana-admite-contrademanda-de-frisby-espana-contra-la-empresa-colombiana\/#primaryimage"},"thumbnailUrl":"https:\/\/provimarcas.com\/wp-content\/uploads\/2026\/03\/6824ebf98c8e9.png","articleSection":["Espa\u00f1ol"],"inLanguage":"en-US","potentialAction":[{"@type":"CommentAction","name":"Comment","target":["https:\/\/provimarcas.com\/juzgado-en-espana-admite-contrademanda-de-frisby-espana-contra-la-empresa-colombiana\/#respond"]}]},{"@type":"WebPage","@id":"https:\/\/provimarcas.com\/juzgado-en-espana-admite-contrademanda-de-frisby-espana-contra-la-empresa-colombiana\/","url":"https:\/\/provimarcas.com\/juzgado-en-espana-admite-contrademanda-de-frisby-espana-contra-la-empresa-colombiana\/","name":"JUZGADO EN ESPA\u00d1A ADMITE CONTRADEMANDA DE FRISBY ESPA\u00d1A CONTRA LA EMPRESA COLOMBIANA - Provimarcas","isPartOf":{"@id":"https:\/\/provimarcas.com\/#website"},"primaryImageOfPage":{"@id":"https:\/\/provimarcas.com\/juzgado-en-espana-admite-contrademanda-de-frisby-espana-contra-la-empresa-colombiana\/#primaryimage"},"image":{"@id":"https:\/\/provimarcas.com\/juzgado-en-espana-admite-contrademanda-de-frisby-espana-contra-la-empresa-colombiana\/#primaryimage"},"thumbnailUrl":"https:\/\/provimarcas.com\/wp-content\/uploads\/2026\/03\/6824ebf98c8e9.png","datePublished":"2026-03-11T14:57:29+00:00","dateModified":"2026-03-11T14:59:11+00:00","breadcrumb":{"@id":"https:\/\/provimarcas.com\/juzgado-en-espana-admite-contrademanda-de-frisby-espana-contra-la-empresa-colombiana\/#breadcrumb"},"inLanguage":"en-US","potentialAction":[{"@type":"ReadAction","target":["https:\/\/provimarcas.com\/juzgado-en-espana-admite-contrademanda-de-frisby-espana-contra-la-empresa-colombiana\/"]}]},{"@type":"ImageObject","inLanguage":"en-US","@id":"https:\/\/provimarcas.com\/juzgado-en-espana-admite-contrademanda-de-frisby-espana-contra-la-empresa-colombiana\/#primaryimage","url":"https:\/\/provimarcas.com\/wp-content\/uploads\/2026\/03\/6824ebf98c8e9.png","contentUrl":"https:\/\/provimarcas.com\/wp-content\/uploads\/2026\/03\/6824ebf98c8e9.png","width":1200,"height":600},{"@type":"BreadcrumbList","@id":"https:\/\/provimarcas.com\/juzgado-en-espana-admite-contrademanda-de-frisby-espana-contra-la-empresa-colombiana\/#breadcrumb","itemListElement":[{"@type":"ListItem","position":1,"name":"Home","item":"https:\/\/provimarcas.com\/"},{"@type":"ListItem","position":2,"name":"JUZGADO EN ESPA\u00d1A ADMITE CONTRADEMANDA DE FRISBY ESPA\u00d1A CONTRA LA EMPRESA COLOMBIANA"}]},{"@type":"WebSite","@id":"https:\/\/provimarcas.com\/#website","url":"https:\/\/provimarcas.com\/","name":"Provimarcas","description":"","publisher":{"@id":"https:\/\/provimarcas.com\/#organization"},"potentialAction":[{"@type":"SearchAction","target":{"@type":"EntryPoint","urlTemplate":"https:\/\/provimarcas.com\/?s={search_term_string}"},"query-input":"required name=search_term_string"}],"inLanguage":"en-US"},{"@type":"Organization","@id":"https:\/\/provimarcas.com\/#organization","name":"Provimarcas","url":"https:\/\/provimarcas.com\/","logo":{"@type":"ImageObject","inLanguage":"en-US","@id":"https:\/\/provimarcas.com\/#\/schema\/logo\/image\/","url":"https:\/\/provimarcas.com\/wp-content\/uploads\/2022\/09\/ingles_mobile-provimarcas.jpg","contentUrl":"https:\/\/provimarcas.com\/wp-content\/uploads\/2022\/09\/ingles_mobile-provimarcas.jpg","width":480,"height":420,"caption":"Provimarcas"},"image":{"@id":"https:\/\/provimarcas.com\/#\/schema\/logo\/image\/"},"sameAs":["https:\/\/www.facebook.com\/provimarcas"]},{"@type":"Person","@id":"https:\/\/provimarcas.com\/#\/schema\/person\/83273a4dac4b6c8f1f7e43776afafbb8","name":"branding@provimarcas.com.co","image":{"@type":"ImageObject","inLanguage":"en-US","@id":"https:\/\/provimarcas.com\/#\/schema\/person\/image\/","url":"https:\/\/secure.gravatar.com\/avatar\/97aaf223ca7247f49baf65b5e92ea0a0?s=96&d=mm&r=g","contentUrl":"https:\/\/secure.gravatar.com\/avatar\/97aaf223ca7247f49baf65b5e92ea0a0?s=96&d=mm&r=g","caption":"branding@provimarcas.com.co"},"url":"https:\/\/provimarcas.com\/en\/author\/brandingprovimarcas-com-co\/"}]}},"_links":{"self":[{"href":"https:\/\/provimarcas.com\/en\/wp-json\/wp\/v2\/posts\/14147"}],"collection":[{"href":"https:\/\/provimarcas.com\/en\/wp-json\/wp\/v2\/posts"}],"about":[{"href":"https:\/\/provimarcas.com\/en\/wp-json\/wp\/v2\/types\/post"}],"author":[{"embeddable":true,"href":"https:\/\/provimarcas.com\/en\/wp-json\/wp\/v2\/users\/7"}],"replies":[{"embeddable":true,"href":"https:\/\/provimarcas.com\/en\/wp-json\/wp\/v2\/comments?post=14147"}],"version-history":[{"count":1,"href":"https:\/\/provimarcas.com\/en\/wp-json\/wp\/v2\/posts\/14147\/revisions"}],"predecessor-version":[{"id":14148,"href":"https:\/\/provimarcas.com\/en\/wp-json\/wp\/v2\/posts\/14147\/revisions\/14148"}],"wp:featuredmedia":[{"embeddable":true,"href":"https:\/\/provimarcas.com\/en\/wp-json\/wp\/v2\/media\/14149"}],"wp:attachment":[{"href":"https:\/\/provimarcas.com\/en\/wp-json\/wp\/v2\/media?parent=14147"}],"wp:term":[{"taxonomy":"category","embeddable":true,"href":"https:\/\/provimarcas.com\/en\/wp-json\/wp\/v2\/categories?post=14147"},{"taxonomy":"post_tag","embeddable":true,"href":"https:\/\/provimarcas.com\/en\/wp-json\/wp\/v2\/tags?post=14147"}],"curies":[{"name":"wp","href":"https:\/\/api.w.org\/{rel}","templated":true}]}}