{"id":14153,"date":"2026-03-11T10:07:00","date_gmt":"2026-03-11T15:07:00","guid":{"rendered":"https:\/\/provimarcas.com\/?p=14153"},"modified":"2026-03-11T10:07:44","modified_gmt":"2026-03-11T15:07:44","slug":"sic-lidera-alerta-internacional-por-riesgos-de-la-ia-generativa-en-la-creacion-de-imagenes-intimas-manipuladas-y-no-consentidas","status":"publish","type":"post","link":"https:\/\/provimarcas.com\/en\/sic-lidera-alerta-internacional-por-riesgos-de-la-ia-generativa-en-la-creacion-de-imagenes-intimas-manipuladas-y-no-consentidas\/","title":{"rendered":"SIC LIDERA ALERTA INTERNACIONAL POR RIESGOS DE LA IA GENERATIVA EN LA CREACI\u00d3N DE IM\u00c1GENES \u00cdNTIMAS MANIPULADAS Y NO CONSENTIDAS:"},"content":{"rendered":"<p>Bogot\u00e1, D.C. 23 de febrero de 2026. La Superintendencia de Industria y Comercio (SIC), junto con las autoridades de protecci\u00f3n de datos personales de 60 pa\u00edses, emitieron una alerta internacional ante el aumento de casos de uso indebido de inteligencia artificial (IA) y plataformas digitales para generar y divulgar im\u00e1genes \u00edntimas no consentidas, difamatorias o potencialmente da\u00f1inas, creadas a partir de datos de personas identificables. Esta situaci\u00f3n encendi\u00f3 las alarmas a nivel global, motivando a realizar un llamado urgente para fortalecer las acciones regulatorias y las medidas de protecci\u00f3n.<\/p>\n\n\n\n<p>El pronunciamiento internacional surge tras los hechos ocurridos a comienzos de 2026, cuando en una red social se registr\u00f3 la circulaci\u00f3n masiva de im\u00e1genes manipuladas mediante IA; varias de ellas con contenido sexual no consentido. Estas pr\u00e1cticas nuevamente abren el debate sobre privacidad, consentimiento, responsabilidad de las plataformas digitales y protecciones necesarias frente a avances tecnol\u00f3gicos que, aunque ofrecen beneficios, tambi\u00e9n pueden ser utilizados para vulnerar derechos fundamentales.<\/p>\n\n\n\n<p>En este contexto, la SIC lider\u00f3 una iniciativa dentro del Grupo de Trabajo de Cooperaci\u00f3n Internacional (IEWG) de la Asamblea Global de Privacidad (GPA), mediante la cual se coordin\u00f3 un comunicado conjunto que re\u00fane la posici\u00f3n y preocupaci\u00f3n de m\u00faltiples autoridades de datos personales del mundo. El comunicado enfatiza en que los sistemas de IA generativa deben desarrollarse y utilizarse conforme con los marcos legales aplicables, incluyendo las normas de protecci\u00f3n de datos y privacidad.<\/p>\n\n\n\n<p>Las autoridades firmantes advierten, adem\u00e1s, que la generaci\u00f3n de im\u00e1genes \u00edntimas no consentidas puede constituir un delito en numerosas jurisdicciones. En el documento, se destacan varias expectativas dirigidas a las organizaciones que desarrollan o utilizan IA generativa, entre ellas:<\/p>\n\n\n\n<p>Implementar medidas s\u00f3lidas para prevenir el uso indebido de informaci\u00f3n personal y la generaci\u00f3n de contenido \u00edntimo no consentido.<\/p>\n\n\n\n<p>Garantizar transparencia significativa respecto a las capacidades, salvaguardas y usos permitidos de los sistemas de IA, as\u00ed como de las consecuencias de su uso indebido.<\/p>\n\n\n\n<p>Proporcionar mecanismos eficaces para eliminar contenido da\u00f1ino que involucre datos personales, respondiendo de forma r\u00e1pida y accesible.<\/p>\n\n\n\n<p>Abordar los riesgos espec\u00edficos para ni\u00f1as y ni\u00f1os, implementando salvaguardas reforzadas e incluyendo informaci\u00f3n clara para ni\u00f1os, padres, tutores y educadores.&nbsp;<\/p>\n\n\n\n<p>El comunicado se\u00f1ala que los da\u00f1os asociados al uso abusivo de estas tecnolog\u00edas son significativos y requieren coordinaci\u00f3n regulatoria internacional. Por ello, las autoridades de protecci\u00f3n de datos firmantes reiteran su compromiso de trabajar conjuntamente para abordar este riesgo global mediante acciones educativas, de seguimiento y de pol\u00edtica p\u00fablica.<\/p>\n\n\n\n<p>En Colombia, la Superintendencia de Industria y Comercio reafirma su papel como autoridad nacional de protecci\u00f3n de datos personales, y reitera la importancia de que las organizaciones desarrolladoras y usuarias de IA generativa implementen est\u00e1ndares altos de seguridad y cumplimiento normativo, siempre con el prop\u00f3sito de proteger la privacidad, dignidad y seguridad de las personas.<\/p>\n\n\n\n<ul>\n<li><\/li>\n<\/ul>\n\n\n\n<p>Informaci\u00f3n tomada de la SIC:<a href=\"https:\/\/sedeelectronica.sic.gov.co\/noticias\/sic-lidera-alerta-internacional-por-riesgos-de-la-ia-generativa-en-la-creacion-de-imagenes-intimas-manipuladas-y-no-consentidas\">https:\/\/sedeelectronica.sic.gov.co\/noticias\/sic-lidera-alerta-internacional-por-riesgos-de-la-ia-generativa-en-la-creacion-de-imagenes-intimas-manipuladas-y-no-consentidas<\/a><\/p>","protected":false},"excerpt":{"rendered":"<p>Bogot\u00e1, D.C. 23 de febrero de 2026. La Superintendencia de Industria y Comercio (SIC), junto con las autoridades de protecci\u00f3n de datos [&hellip;]<\/p>","protected":false},"author":7,"featured_media":14155,"comment_status":"open","ping_status":"open","sticky":false,"template":"","format":"standard","meta":{"footnotes":""},"categories":[9],"tags":[],"yoast_head":"<!-- This site is optimized with the Yoast SEO plugin v23.2 - https:\/\/yoast.com\/wordpress\/plugins\/seo\/ -->\n<title>SIC LIDERA ALERTA INTERNACIONAL POR RIESGOS DE LA IA GENERATIVA EN LA CREACI\u00d3N DE IM\u00c1GENES \u00cdNTIMAS MANIPULADAS Y NO CONSENTIDAS: - Provimarcas<\/title>\n<meta name=\"robots\" content=\"index, follow, max-snippet:-1, max-image-preview:large, max-video-preview:-1\" \/>\n<link rel=\"canonical\" href=\"https:\/\/provimarcas.com\/en\/sic-lidera-alerta-internacional-por-riesgos-de-la-ia-generativa-en-la-creacion-de-imagenes-intimas-manipuladas-y-no-consentidas\/\" \/>\n<meta property=\"og:locale\" content=\"en_US\" \/>\n<meta property=\"og:type\" content=\"article\" \/>\n<meta property=\"og:title\" content=\"SIC LIDERA ALERTA INTERNACIONAL POR RIESGOS DE LA IA GENERATIVA EN LA CREACI\u00d3N DE IM\u00c1GENES \u00cdNTIMAS MANIPULADAS Y NO CONSENTIDAS: - Provimarcas\" \/>\n<meta property=\"og:description\" content=\"Bogot\u00e1, D.C. 23 de febrero de 2026. La Superintendencia de Industria y Comercio (SIC), junto con las autoridades de protecci\u00f3n de datos [&hellip;]\" \/>\n<meta property=\"og:url\" content=\"https:\/\/provimarcas.com\/en\/sic-lidera-alerta-internacional-por-riesgos-de-la-ia-generativa-en-la-creacion-de-imagenes-intimas-manipuladas-y-no-consentidas\/\" \/>\n<meta property=\"og:site_name\" content=\"Provimarcas\" \/>\n<meta property=\"article:publisher\" content=\"https:\/\/www.facebook.com\/provimarcas\" \/>\n<meta property=\"article:published_time\" content=\"2026-03-11T15:07:00+00:00\" \/>\n<meta property=\"article:modified_time\" content=\"2026-03-11T15:07:44+00:00\" \/>\n<meta property=\"og:image\" content=\"https:\/\/provimarcas.com\/wp-content\/uploads\/2026\/03\/SIC-lidera-alerta-internacional-por-riesgos-de-la-IA-generativa-1600.jpg\" \/>\n\t<meta property=\"og:image:width\" content=\"1280\" \/>\n\t<meta property=\"og:image:height\" content=\"300\" \/>\n\t<meta property=\"og:image:type\" content=\"image\/jpeg\" \/>\n<meta name=\"author\" content=\"branding@provimarcas.com.co\" \/>\n<meta name=\"twitter:card\" content=\"summary_large_image\" \/>\n<meta name=\"twitter:label1\" content=\"Written by\" \/>\n\t<meta name=\"twitter:data1\" content=\"branding@provimarcas.com.co\" \/>\n\t<meta name=\"twitter:label2\" content=\"Est. reading time\" \/>\n\t<meta name=\"twitter:data2\" content=\"3 minutes\" \/>\n<script type=\"application\/ld+json\" class=\"yoast-schema-graph\">{\"@context\":\"https:\/\/schema.org\",\"@graph\":[{\"@type\":\"Article\",\"@id\":\"https:\/\/provimarcas.com\/sic-lidera-alerta-internacional-por-riesgos-de-la-ia-generativa-en-la-creacion-de-imagenes-intimas-manipuladas-y-no-consentidas\/#article\",\"isPartOf\":{\"@id\":\"https:\/\/provimarcas.com\/sic-lidera-alerta-internacional-por-riesgos-de-la-ia-generativa-en-la-creacion-de-imagenes-intimas-manipuladas-y-no-consentidas\/\"},\"author\":{\"name\":\"branding@provimarcas.com.co\",\"@id\":\"https:\/\/provimarcas.com\/#\/schema\/person\/83273a4dac4b6c8f1f7e43776afafbb8\"},\"headline\":\"SIC LIDERA ALERTA INTERNACIONAL POR RIESGOS DE LA IA GENERATIVA EN LA CREACI\u00d3N DE IM\u00c1GENES \u00cdNTIMAS MANIPULADAS Y NO CONSENTIDAS:\",\"datePublished\":\"2026-03-11T15:07:00+00:00\",\"dateModified\":\"2026-03-11T15:07:44+00:00\",\"mainEntityOfPage\":{\"@id\":\"https:\/\/provimarcas.com\/sic-lidera-alerta-internacional-por-riesgos-de-la-ia-generativa-en-la-creacion-de-imagenes-intimas-manipuladas-y-no-consentidas\/\"},\"wordCount\":530,\"commentCount\":0,\"publisher\":{\"@id\":\"https:\/\/provimarcas.com\/#organization\"},\"image\":{\"@id\":\"https:\/\/provimarcas.com\/sic-lidera-alerta-internacional-por-riesgos-de-la-ia-generativa-en-la-creacion-de-imagenes-intimas-manipuladas-y-no-consentidas\/#primaryimage\"},\"thumbnailUrl\":\"https:\/\/provimarcas.com\/wp-content\/uploads\/2026\/03\/SIC-lidera-alerta-internacional-por-riesgos-de-la-IA-generativa-1600.jpg\",\"articleSection\":[\"Espa\u00f1ol\"],\"inLanguage\":\"en-US\",\"potentialAction\":[{\"@type\":\"CommentAction\",\"name\":\"Comment\",\"target\":[\"https:\/\/provimarcas.com\/sic-lidera-alerta-internacional-por-riesgos-de-la-ia-generativa-en-la-creacion-de-imagenes-intimas-manipuladas-y-no-consentidas\/#respond\"]}]},{\"@type\":\"WebPage\",\"@id\":\"https:\/\/provimarcas.com\/sic-lidera-alerta-internacional-por-riesgos-de-la-ia-generativa-en-la-creacion-de-imagenes-intimas-manipuladas-y-no-consentidas\/\",\"url\":\"https:\/\/provimarcas.com\/sic-lidera-alerta-internacional-por-riesgos-de-la-ia-generativa-en-la-creacion-de-imagenes-intimas-manipuladas-y-no-consentidas\/\",\"name\":\"SIC LIDERA ALERTA INTERNACIONAL POR RIESGOS DE LA IA GENERATIVA EN LA CREACI\u00d3N DE IM\u00c1GENES \u00cdNTIMAS MANIPULADAS Y NO CONSENTIDAS: - Provimarcas\",\"isPartOf\":{\"@id\":\"https:\/\/provimarcas.com\/#website\"},\"primaryImageOfPage\":{\"@id\":\"https:\/\/provimarcas.com\/sic-lidera-alerta-internacional-por-riesgos-de-la-ia-generativa-en-la-creacion-de-imagenes-intimas-manipuladas-y-no-consentidas\/#primaryimage\"},\"image\":{\"@id\":\"https:\/\/provimarcas.com\/sic-lidera-alerta-internacional-por-riesgos-de-la-ia-generativa-en-la-creacion-de-imagenes-intimas-manipuladas-y-no-consentidas\/#primaryimage\"},\"thumbnailUrl\":\"https:\/\/provimarcas.com\/wp-content\/uploads\/2026\/03\/SIC-lidera-alerta-internacional-por-riesgos-de-la-IA-generativa-1600.jpg\",\"datePublished\":\"2026-03-11T15:07:00+00:00\",\"dateModified\":\"2026-03-11T15:07:44+00:00\",\"breadcrumb\":{\"@id\":\"https:\/\/provimarcas.com\/sic-lidera-alerta-internacional-por-riesgos-de-la-ia-generativa-en-la-creacion-de-imagenes-intimas-manipuladas-y-no-consentidas\/#breadcrumb\"},\"inLanguage\":\"en-US\",\"potentialAction\":[{\"@type\":\"ReadAction\",\"target\":[\"https:\/\/provimarcas.com\/sic-lidera-alerta-internacional-por-riesgos-de-la-ia-generativa-en-la-creacion-de-imagenes-intimas-manipuladas-y-no-consentidas\/\"]}]},{\"@type\":\"ImageObject\",\"inLanguage\":\"en-US\",\"@id\":\"https:\/\/provimarcas.com\/sic-lidera-alerta-internacional-por-riesgos-de-la-ia-generativa-en-la-creacion-de-imagenes-intimas-manipuladas-y-no-consentidas\/#primaryimage\",\"url\":\"https:\/\/provimarcas.com\/wp-content\/uploads\/2026\/03\/SIC-lidera-alerta-internacional-por-riesgos-de-la-IA-generativa-1600.jpg\",\"contentUrl\":\"https:\/\/provimarcas.com\/wp-content\/uploads\/2026\/03\/SIC-lidera-alerta-internacional-por-riesgos-de-la-IA-generativa-1600.jpg\",\"width\":1280,\"height\":300},{\"@type\":\"BreadcrumbList\",\"@id\":\"https:\/\/provimarcas.com\/sic-lidera-alerta-internacional-por-riesgos-de-la-ia-generativa-en-la-creacion-de-imagenes-intimas-manipuladas-y-no-consentidas\/#breadcrumb\",\"itemListElement\":[{\"@type\":\"ListItem\",\"position\":1,\"name\":\"Home\",\"item\":\"https:\/\/provimarcas.com\/\"},{\"@type\":\"ListItem\",\"position\":2,\"name\":\"SIC LIDERA ALERTA INTERNACIONAL POR RIESGOS DE LA IA GENERATIVA EN LA CREACI\u00d3N DE IM\u00c1GENES \u00cdNTIMAS MANIPULADAS Y NO CONSENTIDAS:\"}]},{\"@type\":\"WebSite\",\"@id\":\"https:\/\/provimarcas.com\/#website\",\"url\":\"https:\/\/provimarcas.com\/\",\"name\":\"Provimarcas\",\"description\":\"\",\"publisher\":{\"@id\":\"https:\/\/provimarcas.com\/#organization\"},\"potentialAction\":[{\"@type\":\"SearchAction\",\"target\":{\"@type\":\"EntryPoint\",\"urlTemplate\":\"https:\/\/provimarcas.com\/?s={search_term_string}\"},\"query-input\":\"required name=search_term_string\"}],\"inLanguage\":\"en-US\"},{\"@type\":\"Organization\",\"@id\":\"https:\/\/provimarcas.com\/#organization\",\"name\":\"Provimarcas\",\"url\":\"https:\/\/provimarcas.com\/\",\"logo\":{\"@type\":\"ImageObject\",\"inLanguage\":\"en-US\",\"@id\":\"https:\/\/provimarcas.com\/#\/schema\/logo\/image\/\",\"url\":\"https:\/\/provimarcas.com\/wp-content\/uploads\/2022\/09\/ingles_mobile-provimarcas.jpg\",\"contentUrl\":\"https:\/\/provimarcas.com\/wp-content\/uploads\/2022\/09\/ingles_mobile-provimarcas.jpg\",\"width\":480,\"height\":420,\"caption\":\"Provimarcas\"},\"image\":{\"@id\":\"https:\/\/provimarcas.com\/#\/schema\/logo\/image\/\"},\"sameAs\":[\"https:\/\/www.facebook.com\/provimarcas\"]},{\"@type\":\"Person\",\"@id\":\"https:\/\/provimarcas.com\/#\/schema\/person\/83273a4dac4b6c8f1f7e43776afafbb8\",\"name\":\"branding@provimarcas.com.co\",\"image\":{\"@type\":\"ImageObject\",\"inLanguage\":\"en-US\",\"@id\":\"https:\/\/provimarcas.com\/#\/schema\/person\/image\/\",\"url\":\"https:\/\/secure.gravatar.com\/avatar\/97aaf223ca7247f49baf65b5e92ea0a0?s=96&d=mm&r=g\",\"contentUrl\":\"https:\/\/secure.gravatar.com\/avatar\/97aaf223ca7247f49baf65b5e92ea0a0?s=96&d=mm&r=g\",\"caption\":\"branding@provimarcas.com.co\"},\"url\":\"https:\/\/provimarcas.com\/en\/author\/brandingprovimarcas-com-co\/\"}]}<\/script>\n<!-- \/ Yoast SEO plugin. -->","yoast_head_json":{"title":"SIC LIDERA ALERTA INTERNACIONAL POR RIESGOS DE LA IA GENERATIVA EN LA CREACI\u00d3N DE IM\u00c1GENES \u00cdNTIMAS MANIPULADAS Y NO CONSENTIDAS: - Provimarcas","robots":{"index":"index","follow":"follow","max-snippet":"max-snippet:-1","max-image-preview":"max-image-preview:large","max-video-preview":"max-video-preview:-1"},"canonical":"https:\/\/provimarcas.com\/en\/sic-lidera-alerta-internacional-por-riesgos-de-la-ia-generativa-en-la-creacion-de-imagenes-intimas-manipuladas-y-no-consentidas\/","og_locale":"en_US","og_type":"article","og_title":"SIC LIDERA ALERTA INTERNACIONAL POR RIESGOS DE LA IA GENERATIVA EN LA CREACI\u00d3N DE IM\u00c1GENES \u00cdNTIMAS MANIPULADAS Y NO CONSENTIDAS: - Provimarcas","og_description":"Bogot\u00e1, D.C. 23 de febrero de 2026. La Superintendencia de Industria y Comercio (SIC), junto con las autoridades de protecci\u00f3n de datos [&hellip;]","og_url":"https:\/\/provimarcas.com\/en\/sic-lidera-alerta-internacional-por-riesgos-de-la-ia-generativa-en-la-creacion-de-imagenes-intimas-manipuladas-y-no-consentidas\/","og_site_name":"Provimarcas","article_publisher":"https:\/\/www.facebook.com\/provimarcas","article_published_time":"2026-03-11T15:07:00+00:00","article_modified_time":"2026-03-11T15:07:44+00:00","og_image":[{"width":1280,"height":300,"url":"https:\/\/provimarcas.com\/wp-content\/uploads\/2026\/03\/SIC-lidera-alerta-internacional-por-riesgos-de-la-IA-generativa-1600.jpg","type":"image\/jpeg"}],"author":"branding@provimarcas.com.co","twitter_card":"summary_large_image","twitter_misc":{"Written by":"branding@provimarcas.com.co","Est. reading time":"3 minutes"},"schema":{"@context":"https:\/\/schema.org","@graph":[{"@type":"Article","@id":"https:\/\/provimarcas.com\/sic-lidera-alerta-internacional-por-riesgos-de-la-ia-generativa-en-la-creacion-de-imagenes-intimas-manipuladas-y-no-consentidas\/#article","isPartOf":{"@id":"https:\/\/provimarcas.com\/sic-lidera-alerta-internacional-por-riesgos-de-la-ia-generativa-en-la-creacion-de-imagenes-intimas-manipuladas-y-no-consentidas\/"},"author":{"name":"branding@provimarcas.com.co","@id":"https:\/\/provimarcas.com\/#\/schema\/person\/83273a4dac4b6c8f1f7e43776afafbb8"},"headline":"SIC LIDERA ALERTA INTERNACIONAL POR RIESGOS DE LA IA GENERATIVA EN LA CREACI\u00d3N DE IM\u00c1GENES \u00cdNTIMAS MANIPULADAS Y NO CONSENTIDAS:","datePublished":"2026-03-11T15:07:00+00:00","dateModified":"2026-03-11T15:07:44+00:00","mainEntityOfPage":{"@id":"https:\/\/provimarcas.com\/sic-lidera-alerta-internacional-por-riesgos-de-la-ia-generativa-en-la-creacion-de-imagenes-intimas-manipuladas-y-no-consentidas\/"},"wordCount":530,"commentCount":0,"publisher":{"@id":"https:\/\/provimarcas.com\/#organization"},"image":{"@id":"https:\/\/provimarcas.com\/sic-lidera-alerta-internacional-por-riesgos-de-la-ia-generativa-en-la-creacion-de-imagenes-intimas-manipuladas-y-no-consentidas\/#primaryimage"},"thumbnailUrl":"https:\/\/provimarcas.com\/wp-content\/uploads\/2026\/03\/SIC-lidera-alerta-internacional-por-riesgos-de-la-IA-generativa-1600.jpg","articleSection":["Espa\u00f1ol"],"inLanguage":"en-US","potentialAction":[{"@type":"CommentAction","name":"Comment","target":["https:\/\/provimarcas.com\/sic-lidera-alerta-internacional-por-riesgos-de-la-ia-generativa-en-la-creacion-de-imagenes-intimas-manipuladas-y-no-consentidas\/#respond"]}]},{"@type":"WebPage","@id":"https:\/\/provimarcas.com\/sic-lidera-alerta-internacional-por-riesgos-de-la-ia-generativa-en-la-creacion-de-imagenes-intimas-manipuladas-y-no-consentidas\/","url":"https:\/\/provimarcas.com\/sic-lidera-alerta-internacional-por-riesgos-de-la-ia-generativa-en-la-creacion-de-imagenes-intimas-manipuladas-y-no-consentidas\/","name":"SIC LIDERA ALERTA INTERNACIONAL POR RIESGOS DE LA IA GENERATIVA EN LA CREACI\u00d3N DE IM\u00c1GENES \u00cdNTIMAS MANIPULADAS Y NO CONSENTIDAS: - Provimarcas","isPartOf":{"@id":"https:\/\/provimarcas.com\/#website"},"primaryImageOfPage":{"@id":"https:\/\/provimarcas.com\/sic-lidera-alerta-internacional-por-riesgos-de-la-ia-generativa-en-la-creacion-de-imagenes-intimas-manipuladas-y-no-consentidas\/#primaryimage"},"image":{"@id":"https:\/\/provimarcas.com\/sic-lidera-alerta-internacional-por-riesgos-de-la-ia-generativa-en-la-creacion-de-imagenes-intimas-manipuladas-y-no-consentidas\/#primaryimage"},"thumbnailUrl":"https:\/\/provimarcas.com\/wp-content\/uploads\/2026\/03\/SIC-lidera-alerta-internacional-por-riesgos-de-la-IA-generativa-1600.jpg","datePublished":"2026-03-11T15:07:00+00:00","dateModified":"2026-03-11T15:07:44+00:00","breadcrumb":{"@id":"https:\/\/provimarcas.com\/sic-lidera-alerta-internacional-por-riesgos-de-la-ia-generativa-en-la-creacion-de-imagenes-intimas-manipuladas-y-no-consentidas\/#breadcrumb"},"inLanguage":"en-US","potentialAction":[{"@type":"ReadAction","target":["https:\/\/provimarcas.com\/sic-lidera-alerta-internacional-por-riesgos-de-la-ia-generativa-en-la-creacion-de-imagenes-intimas-manipuladas-y-no-consentidas\/"]}]},{"@type":"ImageObject","inLanguage":"en-US","@id":"https:\/\/provimarcas.com\/sic-lidera-alerta-internacional-por-riesgos-de-la-ia-generativa-en-la-creacion-de-imagenes-intimas-manipuladas-y-no-consentidas\/#primaryimage","url":"https:\/\/provimarcas.com\/wp-content\/uploads\/2026\/03\/SIC-lidera-alerta-internacional-por-riesgos-de-la-IA-generativa-1600.jpg","contentUrl":"https:\/\/provimarcas.com\/wp-content\/uploads\/2026\/03\/SIC-lidera-alerta-internacional-por-riesgos-de-la-IA-generativa-1600.jpg","width":1280,"height":300},{"@type":"BreadcrumbList","@id":"https:\/\/provimarcas.com\/sic-lidera-alerta-internacional-por-riesgos-de-la-ia-generativa-en-la-creacion-de-imagenes-intimas-manipuladas-y-no-consentidas\/#breadcrumb","itemListElement":[{"@type":"ListItem","position":1,"name":"Home","item":"https:\/\/provimarcas.com\/"},{"@type":"ListItem","position":2,"name":"SIC LIDERA ALERTA INTERNACIONAL POR RIESGOS DE LA IA GENERATIVA EN LA CREACI\u00d3N DE IM\u00c1GENES \u00cdNTIMAS MANIPULADAS Y NO CONSENTIDAS:"}]},{"@type":"WebSite","@id":"https:\/\/provimarcas.com\/#website","url":"https:\/\/provimarcas.com\/","name":"Provimarcas","description":"","publisher":{"@id":"https:\/\/provimarcas.com\/#organization"},"potentialAction":[{"@type":"SearchAction","target":{"@type":"EntryPoint","urlTemplate":"https:\/\/provimarcas.com\/?s={search_term_string}"},"query-input":"required name=search_term_string"}],"inLanguage":"en-US"},{"@type":"Organization","@id":"https:\/\/provimarcas.com\/#organization","name":"Provimarcas","url":"https:\/\/provimarcas.com\/","logo":{"@type":"ImageObject","inLanguage":"en-US","@id":"https:\/\/provimarcas.com\/#\/schema\/logo\/image\/","url":"https:\/\/provimarcas.com\/wp-content\/uploads\/2022\/09\/ingles_mobile-provimarcas.jpg","contentUrl":"https:\/\/provimarcas.com\/wp-content\/uploads\/2022\/09\/ingles_mobile-provimarcas.jpg","width":480,"height":420,"caption":"Provimarcas"},"image":{"@id":"https:\/\/provimarcas.com\/#\/schema\/logo\/image\/"},"sameAs":["https:\/\/www.facebook.com\/provimarcas"]},{"@type":"Person","@id":"https:\/\/provimarcas.com\/#\/schema\/person\/83273a4dac4b6c8f1f7e43776afafbb8","name":"branding@provimarcas.com.co","image":{"@type":"ImageObject","inLanguage":"en-US","@id":"https:\/\/provimarcas.com\/#\/schema\/person\/image\/","url":"https:\/\/secure.gravatar.com\/avatar\/97aaf223ca7247f49baf65b5e92ea0a0?s=96&d=mm&r=g","contentUrl":"https:\/\/secure.gravatar.com\/avatar\/97aaf223ca7247f49baf65b5e92ea0a0?s=96&d=mm&r=g","caption":"branding@provimarcas.com.co"},"url":"https:\/\/provimarcas.com\/en\/author\/brandingprovimarcas-com-co\/"}]}},"_links":{"self":[{"href":"https:\/\/provimarcas.com\/en\/wp-json\/wp\/v2\/posts\/14153"}],"collection":[{"href":"https:\/\/provimarcas.com\/en\/wp-json\/wp\/v2\/posts"}],"about":[{"href":"https:\/\/provimarcas.com\/en\/wp-json\/wp\/v2\/types\/post"}],"author":[{"embeddable":true,"href":"https:\/\/provimarcas.com\/en\/wp-json\/wp\/v2\/users\/7"}],"replies":[{"embeddable":true,"href":"https:\/\/provimarcas.com\/en\/wp-json\/wp\/v2\/comments?post=14153"}],"version-history":[{"count":2,"href":"https:\/\/provimarcas.com\/en\/wp-json\/wp\/v2\/posts\/14153\/revisions"}],"predecessor-version":[{"id":14156,"href":"https:\/\/provimarcas.com\/en\/wp-json\/wp\/v2\/posts\/14153\/revisions\/14156"}],"wp:featuredmedia":[{"embeddable":true,"href":"https:\/\/provimarcas.com\/en\/wp-json\/wp\/v2\/media\/14155"}],"wp:attachment":[{"href":"https:\/\/provimarcas.com\/en\/wp-json\/wp\/v2\/media?parent=14153"}],"wp:term":[{"taxonomy":"category","embeddable":true,"href":"https:\/\/provimarcas.com\/en\/wp-json\/wp\/v2\/categories?post=14153"},{"taxonomy":"post_tag","embeddable":true,"href":"https:\/\/provimarcas.com\/en\/wp-json\/wp\/v2\/tags?post=14153"}],"curies":[{"name":"wp","href":"https:\/\/api.w.org\/{rel}","templated":true}]}}