{"id":304,"date":"2022-02-03T22:51:20","date_gmt":"2022-02-03T22:51:20","guid":{"rendered":"https:\/\/provimarcas.com\/?p=304"},"modified":"2022-08-11T16:07:36","modified_gmt":"2022-08-11T16:07:36","slug":"empresa-natura-cosmeticos-no-logro-registrar-la-marca-shiraz-ante-la-superintendencia","status":"publish","type":"post","link":"https:\/\/provimarcas.com\/en\/empresa-natura-cosmeticos-no-logro-registrar-la-marca-shiraz-ante-la-superintendencia\/","title":{"rendered":"Empresa Natura Cosm\u00e9ticos no logr\u00f3 registrar la marca Shiraz ante la superintendencia"},"content":{"rendered":"<p>[vc_row][vc_column][vc_column_text]Seg\u00fan Natura Cosm\u00e9ticos, no hay competencia directa debido a que las marcas buscan identificar productos en diferentes clases<\/p>\n<p>Natura Cosm\u00e9ticos S.A. se present\u00f3 ante la Superintendencia de Industria y Comercio (SIC) para solicitar el registro de la marca Shiraz para distinguir productos comprendidos en la Clase 3 de la Clasificaci\u00f3n Internacional de Niza, que denota productos cosm\u00e9ticos, maquillaje, base de maquillaje y otros.<\/p>\n<p>Luego de la solicitud, C\u00e9sar Alexander Tamayo S\u00e1nchez present\u00f3 oposici\u00f3n asegurando que la marca a registrar reproduce exactamente el signo ya registrado.<\/p>\n<p>Teniendo en cuenta esto, el ciudadano argument\u00f3 que la marca a registrar ya hab\u00eda sido solicitada una vez por el mismo titular, y en su momento la Direcci\u00f3n de Signos Distintivos neg\u00f3 el registro de la marca por ser confundible. En esa l\u00ednea, resalt\u00f3 que gramaticalmente no existe diferencia entre los signos, fon\u00e9ticamente son id\u00e9nticos y el hecho de ofrecer productos iguales puede generar confusi\u00f3n en los consumidores.<\/p>\n<p>En su defensa, Natura Cosm\u00e9ticos S.A. respondi\u00f3 indicando que se present\u00f3 una acci\u00f3n de cancelaci\u00f3n por no uso contra la marca Shiraz (mixta) dentro de la Clase 25, ya que su titular no ha hecho un uso real de la misma. Por esta raz\u00f3n, solicit\u00f3 la suspensi\u00f3n del tr\u00e1mite de solicitud del signo a registrar Shiraz hasta que no se resuelva la acci\u00f3n de cancelaci\u00f3n de la marca ya registrada.<\/p>\n<p>Adem\u00e1s, tambi\u00e9n indic\u00f3 que los productos de las marcas se encuentran en clases diferentes, ya que la registrada pretende identificar productos de la Clase 25 y el signo a registrar estar\u00eda en la Clase 3. Por esta raz\u00f3n, a\u00f1adieron, ambas marcas poseen diferentes canales de comercializaci\u00f3n y publicidad. Esto, adem\u00e1s de la dificultad para que los consumidores relacionen las marcas por las diferencias entre productos.<\/p>\n<p>Luego de su an\u00e1lisis, la SIC concluy\u00f3 que el signo solicitado reproduce en su totalidad el signo de la marca opositora, sin contener componentes adicionales que confieran un factor diferenciador entre ellas. Esto, ya que comparten el mismo n\u00famero de s\u00edlabas y los mismos elementos ortogr\u00e1ficos ubicados en el mismo orden. Adem\u00e1s, dijo que s\u00ed se puede crear un riesgo para los consumidores, que podr\u00edan pensar que el titular del signo busca diversificar sus productos en el mercado de la ropa y de los perfumes.<\/p>\n<p>As\u00ed, la SIC declar\u00f3 fundada la oposici\u00f3n interpuesta por C\u00e9sar Alexander Tamayo S\u00e1nchez y decidi\u00f3 negar el registro de la Shiraz, de Natura Cosm\u00e9ticos S.A., en la Clase 3 de la Clasificaci\u00f3n Internacional de Niza.<br \/>\n[\/vc_column_text][\/vc_column][\/vc_row]<\/p>","protected":false},"excerpt":{"rendered":"<p>[vc_row][vc_column][vc_column_text]Seg\u00fan Natura Cosm\u00e9ticos, no hay competencia directa debido a que las marcas buscan identificar productos en diferentes clases Natura Cosm\u00e9ticos S.A. se [&hellip;]<\/p>","protected":false},"author":1,"featured_media":296,"comment_status":"closed","ping_status":"closed","sticky":false,"template":"","format":"standard","meta":{"footnotes":""},"categories":[9],"tags":[],"yoast_head":"<!-- This site is optimized with the Yoast SEO plugin v23.2 - https:\/\/yoast.com\/wordpress\/plugins\/seo\/ -->\n<title>Empresa Natura Cosm\u00e9ticos no logr\u00f3 registrar la marca Shiraz ante la superintendencia - Provimarcas<\/title>\n<meta name=\"robots\" content=\"index, follow, max-snippet:-1, max-image-preview:large, max-video-preview:-1\" \/>\n<link rel=\"canonical\" href=\"https:\/\/provimarcas.com\/en\/empresa-natura-cosmeticos-no-logro-registrar-la-marca-shiraz-ante-la-superintendencia\/\" \/>\n<meta property=\"og:locale\" content=\"en_US\" \/>\n<meta property=\"og:type\" content=\"article\" \/>\n<meta property=\"og:title\" content=\"Empresa Natura Cosm\u00e9ticos no logr\u00f3 registrar la marca Shiraz ante la superintendencia - Provimarcas\" \/>\n<meta property=\"og:description\" content=\"[vc_row][vc_column][vc_column_text]Seg\u00fan Natura Cosm\u00e9ticos, no hay competencia directa debido a que las marcas buscan identificar productos en diferentes clases Natura Cosm\u00e9ticos S.A. se [&hellip;]\" \/>\n<meta property=\"og:url\" content=\"https:\/\/provimarcas.com\/en\/empresa-natura-cosmeticos-no-logro-registrar-la-marca-shiraz-ante-la-superintendencia\/\" \/>\n<meta property=\"og:site_name\" content=\"Provimarcas\" \/>\n<meta property=\"article:publisher\" content=\"https:\/\/www.facebook.com\/provimarcas\" \/>\n<meta property=\"article:published_time\" content=\"2022-02-03T22:51:20+00:00\" \/>\n<meta property=\"article:modified_time\" content=\"2022-08-11T16:07:36+00:00\" \/>\n<meta property=\"og:image\" content=\"https:\/\/provimarcas.com\/wp-content\/uploads\/2022\/08\/asset1.jpg\" \/>\n\t<meta property=\"og:image:width\" content=\"400\" \/>\n\t<meta property=\"og:image:height\" content=\"273\" \/>\n\t<meta property=\"og:image:type\" content=\"image\/jpeg\" \/>\n<meta name=\"author\" content=\"Danielp@pacifica.co\" \/>\n<meta name=\"twitter:card\" content=\"summary_large_image\" \/>\n<meta name=\"twitter:label1\" content=\"Written by\" \/>\n\t<meta name=\"twitter:data1\" content=\"Danielp@pacifica.co\" \/>\n\t<meta name=\"twitter:label2\" content=\"Est. reading time\" \/>\n\t<meta name=\"twitter:data2\" content=\"2 minutes\" \/>\n<script type=\"application\/ld+json\" class=\"yoast-schema-graph\">{\"@context\":\"https:\/\/schema.org\",\"@graph\":[{\"@type\":\"Article\",\"@id\":\"https:\/\/provimarcas.com\/empresa-natura-cosmeticos-no-logro-registrar-la-marca-shiraz-ante-la-superintendencia\/#article\",\"isPartOf\":{\"@id\":\"https:\/\/provimarcas.com\/empresa-natura-cosmeticos-no-logro-registrar-la-marca-shiraz-ante-la-superintendencia\/\"},\"author\":{\"name\":\"Danielp@pacifica.co\",\"@id\":\"https:\/\/provimarcas.com\/#\/schema\/person\/1e810151e7502eea3a9e4d5682fa3492\"},\"headline\":\"Empresa Natura Cosm\u00e9ticos no logr\u00f3 registrar la marca Shiraz ante la superintendencia\",\"datePublished\":\"2022-02-03T22:51:20+00:00\",\"dateModified\":\"2022-08-11T16:07:36+00:00\",\"mainEntityOfPage\":{\"@id\":\"https:\/\/provimarcas.com\/empresa-natura-cosmeticos-no-logro-registrar-la-marca-shiraz-ante-la-superintendencia\/\"},\"wordCount\":473,\"publisher\":{\"@id\":\"https:\/\/provimarcas.com\/#organization\"},\"image\":{\"@id\":\"https:\/\/provimarcas.com\/empresa-natura-cosmeticos-no-logro-registrar-la-marca-shiraz-ante-la-superintendencia\/#primaryimage\"},\"thumbnailUrl\":\"https:\/\/provimarcas.com\/wp-content\/uploads\/2022\/08\/asset1.jpg\",\"articleSection\":[\"Espa\u00f1ol\"],\"inLanguage\":\"en-US\"},{\"@type\":\"WebPage\",\"@id\":\"https:\/\/provimarcas.com\/empresa-natura-cosmeticos-no-logro-registrar-la-marca-shiraz-ante-la-superintendencia\/\",\"url\":\"https:\/\/provimarcas.com\/empresa-natura-cosmeticos-no-logro-registrar-la-marca-shiraz-ante-la-superintendencia\/\",\"name\":\"Empresa Natura Cosm\u00e9ticos no logr\u00f3 registrar la marca Shiraz ante la superintendencia - Provimarcas\",\"isPartOf\":{\"@id\":\"https:\/\/provimarcas.com\/#website\"},\"primaryImageOfPage\":{\"@id\":\"https:\/\/provimarcas.com\/empresa-natura-cosmeticos-no-logro-registrar-la-marca-shiraz-ante-la-superintendencia\/#primaryimage\"},\"image\":{\"@id\":\"https:\/\/provimarcas.com\/empresa-natura-cosmeticos-no-logro-registrar-la-marca-shiraz-ante-la-superintendencia\/#primaryimage\"},\"thumbnailUrl\":\"https:\/\/provimarcas.com\/wp-content\/uploads\/2022\/08\/asset1.jpg\",\"datePublished\":\"2022-02-03T22:51:20+00:00\",\"dateModified\":\"2022-08-11T16:07:36+00:00\",\"breadcrumb\":{\"@id\":\"https:\/\/provimarcas.com\/empresa-natura-cosmeticos-no-logro-registrar-la-marca-shiraz-ante-la-superintendencia\/#breadcrumb\"},\"inLanguage\":\"en-US\",\"potentialAction\":[{\"@type\":\"ReadAction\",\"target\":[\"https:\/\/provimarcas.com\/empresa-natura-cosmeticos-no-logro-registrar-la-marca-shiraz-ante-la-superintendencia\/\"]}]},{\"@type\":\"ImageObject\",\"inLanguage\":\"en-US\",\"@id\":\"https:\/\/provimarcas.com\/empresa-natura-cosmeticos-no-logro-registrar-la-marca-shiraz-ante-la-superintendencia\/#primaryimage\",\"url\":\"https:\/\/provimarcas.com\/wp-content\/uploads\/2022\/08\/asset1.jpg\",\"contentUrl\":\"https:\/\/provimarcas.com\/wp-content\/uploads\/2022\/08\/asset1.jpg\",\"width\":400,\"height\":273},{\"@type\":\"BreadcrumbList\",\"@id\":\"https:\/\/provimarcas.com\/empresa-natura-cosmeticos-no-logro-registrar-la-marca-shiraz-ante-la-superintendencia\/#breadcrumb\",\"itemListElement\":[{\"@type\":\"ListItem\",\"position\":1,\"name\":\"Home\",\"item\":\"https:\/\/provimarcas.com\/\"},{\"@type\":\"ListItem\",\"position\":2,\"name\":\"Empresa Natura Cosm\u00e9ticos no logr\u00f3 registrar la marca Shiraz ante la superintendencia\"}]},{\"@type\":\"WebSite\",\"@id\":\"https:\/\/provimarcas.com\/#website\",\"url\":\"https:\/\/provimarcas.com\/\",\"name\":\"Provimarcas\",\"description\":\"\",\"publisher\":{\"@id\":\"https:\/\/provimarcas.com\/#organization\"},\"potentialAction\":[{\"@type\":\"SearchAction\",\"target\":{\"@type\":\"EntryPoint\",\"urlTemplate\":\"https:\/\/provimarcas.com\/?s={search_term_string}\"},\"query-input\":\"required name=search_term_string\"}],\"inLanguage\":\"en-US\"},{\"@type\":\"Organization\",\"@id\":\"https:\/\/provimarcas.com\/#organization\",\"name\":\"Provimarcas\",\"url\":\"https:\/\/provimarcas.com\/\",\"logo\":{\"@type\":\"ImageObject\",\"inLanguage\":\"en-US\",\"@id\":\"https:\/\/provimarcas.com\/#\/schema\/logo\/image\/\",\"url\":\"https:\/\/provimarcas.com\/wp-content\/uploads\/2022\/09\/ingles_mobile-provimarcas.jpg\",\"contentUrl\":\"https:\/\/provimarcas.com\/wp-content\/uploads\/2022\/09\/ingles_mobile-provimarcas.jpg\",\"width\":480,\"height\":420,\"caption\":\"Provimarcas\"},\"image\":{\"@id\":\"https:\/\/provimarcas.com\/#\/schema\/logo\/image\/\"},\"sameAs\":[\"https:\/\/www.facebook.com\/provimarcas\"]},{\"@type\":\"Person\",\"@id\":\"https:\/\/provimarcas.com\/#\/schema\/person\/1e810151e7502eea3a9e4d5682fa3492\",\"name\":\"Danielp@pacifica.co\",\"image\":{\"@type\":\"ImageObject\",\"inLanguage\":\"en-US\",\"@id\":\"https:\/\/provimarcas.com\/#\/schema\/person\/image\/\",\"url\":\"https:\/\/secure.gravatar.com\/avatar\/64cb43e45afd9efe9ee51dec0d6c7478?s=96&d=mm&r=g\",\"contentUrl\":\"https:\/\/secure.gravatar.com\/avatar\/64cb43e45afd9efe9ee51dec0d6c7478?s=96&d=mm&r=g\",\"caption\":\"Danielp@pacifica.co\"},\"sameAs\":[\"https:\/\/provimarcas.com\"],\"url\":\"https:\/\/provimarcas.com\/en\/author\/danielppacifica-co\/\"}]}<\/script>\n<!-- \/ Yoast SEO plugin. -->","yoast_head_json":{"title":"Empresa Natura Cosm\u00e9ticos no logr\u00f3 registrar la marca Shiraz ante la superintendencia - Provimarcas","robots":{"index":"index","follow":"follow","max-snippet":"max-snippet:-1","max-image-preview":"max-image-preview:large","max-video-preview":"max-video-preview:-1"},"canonical":"https:\/\/provimarcas.com\/en\/empresa-natura-cosmeticos-no-logro-registrar-la-marca-shiraz-ante-la-superintendencia\/","og_locale":"en_US","og_type":"article","og_title":"Empresa Natura Cosm\u00e9ticos no logr\u00f3 registrar la marca Shiraz ante la superintendencia - Provimarcas","og_description":"[vc_row][vc_column][vc_column_text]Seg\u00fan Natura Cosm\u00e9ticos, no hay competencia directa debido a que las marcas buscan identificar productos en diferentes clases Natura Cosm\u00e9ticos S.A. se [&hellip;]","og_url":"https:\/\/provimarcas.com\/en\/empresa-natura-cosmeticos-no-logro-registrar-la-marca-shiraz-ante-la-superintendencia\/","og_site_name":"Provimarcas","article_publisher":"https:\/\/www.facebook.com\/provimarcas","article_published_time":"2022-02-03T22:51:20+00:00","article_modified_time":"2022-08-11T16:07:36+00:00","og_image":[{"width":400,"height":273,"url":"https:\/\/provimarcas.com\/wp-content\/uploads\/2022\/08\/asset1.jpg","type":"image\/jpeg"}],"author":"Danielp@pacifica.co","twitter_card":"summary_large_image","twitter_misc":{"Written by":"Danielp@pacifica.co","Est. reading time":"2 minutes"},"schema":{"@context":"https:\/\/schema.org","@graph":[{"@type":"Article","@id":"https:\/\/provimarcas.com\/empresa-natura-cosmeticos-no-logro-registrar-la-marca-shiraz-ante-la-superintendencia\/#article","isPartOf":{"@id":"https:\/\/provimarcas.com\/empresa-natura-cosmeticos-no-logro-registrar-la-marca-shiraz-ante-la-superintendencia\/"},"author":{"name":"Danielp@pacifica.co","@id":"https:\/\/provimarcas.com\/#\/schema\/person\/1e810151e7502eea3a9e4d5682fa3492"},"headline":"Empresa Natura Cosm\u00e9ticos no logr\u00f3 registrar la marca Shiraz ante la superintendencia","datePublished":"2022-02-03T22:51:20+00:00","dateModified":"2022-08-11T16:07:36+00:00","mainEntityOfPage":{"@id":"https:\/\/provimarcas.com\/empresa-natura-cosmeticos-no-logro-registrar-la-marca-shiraz-ante-la-superintendencia\/"},"wordCount":473,"publisher":{"@id":"https:\/\/provimarcas.com\/#organization"},"image":{"@id":"https:\/\/provimarcas.com\/empresa-natura-cosmeticos-no-logro-registrar-la-marca-shiraz-ante-la-superintendencia\/#primaryimage"},"thumbnailUrl":"https:\/\/provimarcas.com\/wp-content\/uploads\/2022\/08\/asset1.jpg","articleSection":["Espa\u00f1ol"],"inLanguage":"en-US"},{"@type":"WebPage","@id":"https:\/\/provimarcas.com\/empresa-natura-cosmeticos-no-logro-registrar-la-marca-shiraz-ante-la-superintendencia\/","url":"https:\/\/provimarcas.com\/empresa-natura-cosmeticos-no-logro-registrar-la-marca-shiraz-ante-la-superintendencia\/","name":"Empresa Natura Cosm\u00e9ticos no logr\u00f3 registrar la marca Shiraz ante la superintendencia - Provimarcas","isPartOf":{"@id":"https:\/\/provimarcas.com\/#website"},"primaryImageOfPage":{"@id":"https:\/\/provimarcas.com\/empresa-natura-cosmeticos-no-logro-registrar-la-marca-shiraz-ante-la-superintendencia\/#primaryimage"},"image":{"@id":"https:\/\/provimarcas.com\/empresa-natura-cosmeticos-no-logro-registrar-la-marca-shiraz-ante-la-superintendencia\/#primaryimage"},"thumbnailUrl":"https:\/\/provimarcas.com\/wp-content\/uploads\/2022\/08\/asset1.jpg","datePublished":"2022-02-03T22:51:20+00:00","dateModified":"2022-08-11T16:07:36+00:00","breadcrumb":{"@id":"https:\/\/provimarcas.com\/empresa-natura-cosmeticos-no-logro-registrar-la-marca-shiraz-ante-la-superintendencia\/#breadcrumb"},"inLanguage":"en-US","potentialAction":[{"@type":"ReadAction","target":["https:\/\/provimarcas.com\/empresa-natura-cosmeticos-no-logro-registrar-la-marca-shiraz-ante-la-superintendencia\/"]}]},{"@type":"ImageObject","inLanguage":"en-US","@id":"https:\/\/provimarcas.com\/empresa-natura-cosmeticos-no-logro-registrar-la-marca-shiraz-ante-la-superintendencia\/#primaryimage","url":"https:\/\/provimarcas.com\/wp-content\/uploads\/2022\/08\/asset1.jpg","contentUrl":"https:\/\/provimarcas.com\/wp-content\/uploads\/2022\/08\/asset1.jpg","width":400,"height":273},{"@type":"BreadcrumbList","@id":"https:\/\/provimarcas.com\/empresa-natura-cosmeticos-no-logro-registrar-la-marca-shiraz-ante-la-superintendencia\/#breadcrumb","itemListElement":[{"@type":"ListItem","position":1,"name":"Home","item":"https:\/\/provimarcas.com\/"},{"@type":"ListItem","position":2,"name":"Empresa Natura Cosm\u00e9ticos no logr\u00f3 registrar la marca Shiraz ante la superintendencia"}]},{"@type":"WebSite","@id":"https:\/\/provimarcas.com\/#website","url":"https:\/\/provimarcas.com\/","name":"Provimarcas","description":"","publisher":{"@id":"https:\/\/provimarcas.com\/#organization"},"potentialAction":[{"@type":"SearchAction","target":{"@type":"EntryPoint","urlTemplate":"https:\/\/provimarcas.com\/?s={search_term_string}"},"query-input":"required name=search_term_string"}],"inLanguage":"en-US"},{"@type":"Organization","@id":"https:\/\/provimarcas.com\/#organization","name":"Provimarcas","url":"https:\/\/provimarcas.com\/","logo":{"@type":"ImageObject","inLanguage":"en-US","@id":"https:\/\/provimarcas.com\/#\/schema\/logo\/image\/","url":"https:\/\/provimarcas.com\/wp-content\/uploads\/2022\/09\/ingles_mobile-provimarcas.jpg","contentUrl":"https:\/\/provimarcas.com\/wp-content\/uploads\/2022\/09\/ingles_mobile-provimarcas.jpg","width":480,"height":420,"caption":"Provimarcas"},"image":{"@id":"https:\/\/provimarcas.com\/#\/schema\/logo\/image\/"},"sameAs":["https:\/\/www.facebook.com\/provimarcas"]},{"@type":"Person","@id":"https:\/\/provimarcas.com\/#\/schema\/person\/1e810151e7502eea3a9e4d5682fa3492","name":"Danielp@pacifica.co","image":{"@type":"ImageObject","inLanguage":"en-US","@id":"https:\/\/provimarcas.com\/#\/schema\/person\/image\/","url":"https:\/\/secure.gravatar.com\/avatar\/64cb43e45afd9efe9ee51dec0d6c7478?s=96&d=mm&r=g","contentUrl":"https:\/\/secure.gravatar.com\/avatar\/64cb43e45afd9efe9ee51dec0d6c7478?s=96&d=mm&r=g","caption":"Danielp@pacifica.co"},"sameAs":["https:\/\/provimarcas.com"],"url":"https:\/\/provimarcas.com\/en\/author\/danielppacifica-co\/"}]}},"_links":{"self":[{"href":"https:\/\/provimarcas.com\/en\/wp-json\/wp\/v2\/posts\/304"}],"collection":[{"href":"https:\/\/provimarcas.com\/en\/wp-json\/wp\/v2\/posts"}],"about":[{"href":"https:\/\/provimarcas.com\/en\/wp-json\/wp\/v2\/types\/post"}],"author":[{"embeddable":true,"href":"https:\/\/provimarcas.com\/en\/wp-json\/wp\/v2\/users\/1"}],"replies":[{"embeddable":true,"href":"https:\/\/provimarcas.com\/en\/wp-json\/wp\/v2\/comments?post=304"}],"version-history":[{"count":3,"href":"https:\/\/provimarcas.com\/en\/wp-json\/wp\/v2\/posts\/304\/revisions"}],"predecessor-version":[{"id":412,"href":"https:\/\/provimarcas.com\/en\/wp-json\/wp\/v2\/posts\/304\/revisions\/412"}],"wp:featuredmedia":[{"embeddable":true,"href":"https:\/\/provimarcas.com\/en\/wp-json\/wp\/v2\/media\/296"}],"wp:attachment":[{"href":"https:\/\/provimarcas.com\/en\/wp-json\/wp\/v2\/media?parent=304"}],"wp:term":[{"taxonomy":"category","embeddable":true,"href":"https:\/\/provimarcas.com\/en\/wp-json\/wp\/v2\/categories?post=304"},{"taxonomy":"post_tag","embeddable":true,"href":"https:\/\/provimarcas.com\/en\/wp-json\/wp\/v2\/tags?post=304"}],"curies":[{"name":"wp","href":"https:\/\/api.w.org\/{rel}","templated":true}]}}