{"id":314,"date":"2021-11-19T23:01:37","date_gmt":"2021-11-19T23:01:37","guid":{"rendered":"https:\/\/provimarcas.com\/?p=314"},"modified":"2022-08-11T16:11:57","modified_gmt":"2022-08-11T16:11:57","slug":"la-arrocera-diana-detuvo-el-registro-de-lema-comercial-solicitado-por-uniarroz-en-la-sic","status":"publish","type":"post","link":"https:\/\/provimarcas.com\/en\/la-arrocera-diana-detuvo-el-registro-de-lema-comercial-solicitado-por-uniarroz-en-la-sic\/","title":{"rendered":"La arrocera Diana detuvo el registro de lema comercial solicitado por Uniarroz en la SIC"},"content":{"rendered":"<p>[vc_row][vc_column][vc_column_text]El Grupo Diana se opuso al registro del lema &#8220;Arroz Ecoamigable&#8221; de Uniarroz, alegando el uso de t\u00e9rminos gen\u00e9ricos y descriptivos<\/p>\n<p>La sociedad Uni\u00f3n de Arroceros S.A.S. (Uniarroz) se present\u00f3 ante la Superintendencia de Industria y Comercio (SIC) con la intenci\u00f3n de registrar el lema comercial \u201cArroz Ecoamigable\u201d (nominativo) para distinguir productos de la clase 30 de la Clasificaci\u00f3n Internacional de Niza, que denota la categor\u00eda de arroz.<\/p>\n<p>A la solicitud, la sociedad Diana Corporaci\u00f3n S.A.S. present\u00f3 oposici\u00f3n con fundamento en las causales de irregistrabilidad de los art\u00edculos b) y e) del art\u00edculo 135 de la Decisi\u00f3n 486 de 2000 de la Comisi\u00f3n de la Comunidad Andina.<\/p>\n<p>La compa\u00f1\u00eda aleg\u00f3 que, en caso de que la Direcci\u00f3n otorgara el registro del lema, estar\u00eda privando a cualquier otro empresario de hacer uso de la palabra \u2018ecoamigable\u2019, lo que causar\u00eda \u201cuna ventaja competitiva injustificada frente a los dem\u00e1s competidores del mercado de arroz en Colombia\u201d.<\/p>\n<p>Adem\u00e1s, el Grupo Diana agreg\u00f3 que el arroz, por su naturaleza b\u00e1sica, es amigable con el medio ambiente o \u2018ecoamigable\u2019 porque no requiere de sustancias t\u00f3xicas para su recolecci\u00f3n, lo que significa una caracter\u00edstica para todas las marcas que ofrecen este producto.<\/p>\n<p>\u201cLa palabra \u2018ecoamigable\u2019 es empleada de manera gen\u00e9rica en el mercado para designar caracter\u00edsticas ecol\u00f3gicas de los productos a comercializar\u201d, en este caso el arroz, mantuvo la sociedad.<\/p>\n<p>A la oposici\u00f3n, Uniarroz respondi\u00f3 que el t\u00e9rmino nace de la palabra \u2018ecol\u00f3gico\u2019 para componer un signo \u201cnovedoso\u201d. Esto, seg\u00fan el solicitante, porque no usa palabras como \u2018ecol\u00f3gicamente amigable\u2019, sobre las que admite que no podr\u00eda impedir a terceros usarlas.<\/p>\n<p>Adem\u00e1s, la solicitante manifest\u00f3 que hay una considerable jurisprudencia publicada por el Tribunal Andino de Justicia, \u201cque se\u00f1ala que todo nuevo signo creado de la composici\u00f3n de dos t\u00e9rminos, que independientemente pueden ser descriptivos o gen\u00e9ricos, constituyen un signo marcario registrable\u201d, en este caso el t\u00e9rmino \u2018ecoamigable\u2019, compuesto por las palabras ecol\u00f3gico y amigable.<\/p>\n<p>Contrario a lo argumentado por la solicitante, en su an\u00e1lisis, la Direcci\u00f3n de la SIC determin\u00f3 que el lema comercial deseado carece de fuerza distintiva intr\u00ednseca, pues hace uso de dos palabras gen\u00e9ricas en el mercado.<\/p>\n<p>\u201cLa primera es, sin duda, para referir al producto que se distinguir\u00e1 con el lema comercial, y la segunda, como locuci\u00f3n tradicionalmente utilizada como adjetivo para art\u00edculos producidos bajo est\u00e1ndares que impiden causar da\u00f1os en el medio ambiente\u201d, concluy\u00f3 la Superindustria.<\/p>\n<p>Informaci\u00f3n tomada de asuntoslegales.com<br \/>\n[\/vc_column_text][\/vc_column][\/vc_row]<\/p>","protected":false},"excerpt":{"rendered":"<p>[vc_row][vc_column][vc_column_text]El Grupo Diana se opuso al registro del lema &#8220;Arroz Ecoamigable&#8221; de Uniarroz, alegando el uso de t\u00e9rminos gen\u00e9ricos y descriptivos La [&hellip;]<\/p>","protected":false},"author":1,"featured_media":301,"comment_status":"closed","ping_status":"closed","sticky":false,"template":"","format":"standard","meta":{"footnotes":""},"categories":[9],"tags":[],"yoast_head":"<!-- This site is optimized with the Yoast SEO plugin v23.2 - https:\/\/yoast.com\/wordpress\/plugins\/seo\/ -->\n<title>La arrocera Diana detuvo el registro de lema comercial solicitado por Uniarroz en la SIC - Provimarcas<\/title>\n<meta name=\"robots\" content=\"index, follow, max-snippet:-1, max-image-preview:large, max-video-preview:-1\" \/>\n<link rel=\"canonical\" href=\"https:\/\/provimarcas.com\/en\/la-arrocera-diana-detuvo-el-registro-de-lema-comercial-solicitado-por-uniarroz-en-la-sic\/\" \/>\n<meta property=\"og:locale\" content=\"en_US\" \/>\n<meta property=\"og:type\" content=\"article\" \/>\n<meta property=\"og:title\" content=\"La arrocera Diana detuvo el registro de lema comercial solicitado por Uniarroz en la SIC - Provimarcas\" \/>\n<meta property=\"og:description\" content=\"[vc_row][vc_column][vc_column_text]El Grupo Diana se opuso al registro del lema &#8220;Arroz Ecoamigable&#8221; de Uniarroz, alegando el uso de t\u00e9rminos gen\u00e9ricos y descriptivos La [&hellip;]\" \/>\n<meta property=\"og:url\" content=\"https:\/\/provimarcas.com\/en\/la-arrocera-diana-detuvo-el-registro-de-lema-comercial-solicitado-por-uniarroz-en-la-sic\/\" \/>\n<meta property=\"og:site_name\" content=\"Provimarcas\" \/>\n<meta property=\"article:publisher\" content=\"https:\/\/www.facebook.com\/provimarcas\" \/>\n<meta property=\"article:published_time\" content=\"2021-11-19T23:01:37+00:00\" \/>\n<meta property=\"article:modified_time\" content=\"2022-08-11T16:11:57+00:00\" \/>\n<meta property=\"og:image\" content=\"https:\/\/provimarcas.com\/wp-content\/uploads\/2022\/08\/asset6.jpg\" \/>\n\t<meta property=\"og:image:width\" content=\"400\" \/>\n\t<meta property=\"og:image:height\" content=\"273\" \/>\n\t<meta property=\"og:image:type\" content=\"image\/jpeg\" \/>\n<meta name=\"author\" content=\"Danielp@pacifica.co\" \/>\n<meta name=\"twitter:card\" content=\"summary_large_image\" \/>\n<meta name=\"twitter:label1\" content=\"Written by\" \/>\n\t<meta name=\"twitter:data1\" content=\"Danielp@pacifica.co\" \/>\n\t<meta name=\"twitter:label2\" content=\"Est. reading time\" \/>\n\t<meta name=\"twitter:data2\" content=\"2 minutes\" \/>\n<script type=\"application\/ld+json\" class=\"yoast-schema-graph\">{\"@context\":\"https:\/\/schema.org\",\"@graph\":[{\"@type\":\"Article\",\"@id\":\"https:\/\/provimarcas.com\/la-arrocera-diana-detuvo-el-registro-de-lema-comercial-solicitado-por-uniarroz-en-la-sic\/#article\",\"isPartOf\":{\"@id\":\"https:\/\/provimarcas.com\/la-arrocera-diana-detuvo-el-registro-de-lema-comercial-solicitado-por-uniarroz-en-la-sic\/\"},\"author\":{\"name\":\"Danielp@pacifica.co\",\"@id\":\"https:\/\/provimarcas.com\/#\/schema\/person\/1e810151e7502eea3a9e4d5682fa3492\"},\"headline\":\"La arrocera Diana detuvo el registro de lema comercial solicitado por Uniarroz en la SIC\",\"datePublished\":\"2021-11-19T23:01:37+00:00\",\"dateModified\":\"2022-08-11T16:11:57+00:00\",\"mainEntityOfPage\":{\"@id\":\"https:\/\/provimarcas.com\/la-arrocera-diana-detuvo-el-registro-de-lema-comercial-solicitado-por-uniarroz-en-la-sic\/\"},\"wordCount\":475,\"publisher\":{\"@id\":\"https:\/\/provimarcas.com\/#organization\"},\"image\":{\"@id\":\"https:\/\/provimarcas.com\/la-arrocera-diana-detuvo-el-registro-de-lema-comercial-solicitado-por-uniarroz-en-la-sic\/#primaryimage\"},\"thumbnailUrl\":\"https:\/\/provimarcas.com\/wp-content\/uploads\/2022\/08\/asset6.jpg\",\"articleSection\":[\"Espa\u00f1ol\"],\"inLanguage\":\"en-US\"},{\"@type\":\"WebPage\",\"@id\":\"https:\/\/provimarcas.com\/la-arrocera-diana-detuvo-el-registro-de-lema-comercial-solicitado-por-uniarroz-en-la-sic\/\",\"url\":\"https:\/\/provimarcas.com\/la-arrocera-diana-detuvo-el-registro-de-lema-comercial-solicitado-por-uniarroz-en-la-sic\/\",\"name\":\"La arrocera Diana detuvo el registro de lema comercial solicitado por Uniarroz en la SIC - Provimarcas\",\"isPartOf\":{\"@id\":\"https:\/\/provimarcas.com\/#website\"},\"primaryImageOfPage\":{\"@id\":\"https:\/\/provimarcas.com\/la-arrocera-diana-detuvo-el-registro-de-lema-comercial-solicitado-por-uniarroz-en-la-sic\/#primaryimage\"},\"image\":{\"@id\":\"https:\/\/provimarcas.com\/la-arrocera-diana-detuvo-el-registro-de-lema-comercial-solicitado-por-uniarroz-en-la-sic\/#primaryimage\"},\"thumbnailUrl\":\"https:\/\/provimarcas.com\/wp-content\/uploads\/2022\/08\/asset6.jpg\",\"datePublished\":\"2021-11-19T23:01:37+00:00\",\"dateModified\":\"2022-08-11T16:11:57+00:00\",\"breadcrumb\":{\"@id\":\"https:\/\/provimarcas.com\/la-arrocera-diana-detuvo-el-registro-de-lema-comercial-solicitado-por-uniarroz-en-la-sic\/#breadcrumb\"},\"inLanguage\":\"en-US\",\"potentialAction\":[{\"@type\":\"ReadAction\",\"target\":[\"https:\/\/provimarcas.com\/la-arrocera-diana-detuvo-el-registro-de-lema-comercial-solicitado-por-uniarroz-en-la-sic\/\"]}]},{\"@type\":\"ImageObject\",\"inLanguage\":\"en-US\",\"@id\":\"https:\/\/provimarcas.com\/la-arrocera-diana-detuvo-el-registro-de-lema-comercial-solicitado-por-uniarroz-en-la-sic\/#primaryimage\",\"url\":\"https:\/\/provimarcas.com\/wp-content\/uploads\/2022\/08\/asset6.jpg\",\"contentUrl\":\"https:\/\/provimarcas.com\/wp-content\/uploads\/2022\/08\/asset6.jpg\",\"width\":400,\"height\":273},{\"@type\":\"BreadcrumbList\",\"@id\":\"https:\/\/provimarcas.com\/la-arrocera-diana-detuvo-el-registro-de-lema-comercial-solicitado-por-uniarroz-en-la-sic\/#breadcrumb\",\"itemListElement\":[{\"@type\":\"ListItem\",\"position\":1,\"name\":\"Home\",\"item\":\"https:\/\/provimarcas.com\/\"},{\"@type\":\"ListItem\",\"position\":2,\"name\":\"La arrocera Diana detuvo el registro de lema comercial solicitado por Uniarroz en la SIC\"}]},{\"@type\":\"WebSite\",\"@id\":\"https:\/\/provimarcas.com\/#website\",\"url\":\"https:\/\/provimarcas.com\/\",\"name\":\"Provimarcas\",\"description\":\"\",\"publisher\":{\"@id\":\"https:\/\/provimarcas.com\/#organization\"},\"potentialAction\":[{\"@type\":\"SearchAction\",\"target\":{\"@type\":\"EntryPoint\",\"urlTemplate\":\"https:\/\/provimarcas.com\/?s={search_term_string}\"},\"query-input\":\"required name=search_term_string\"}],\"inLanguage\":\"en-US\"},{\"@type\":\"Organization\",\"@id\":\"https:\/\/provimarcas.com\/#organization\",\"name\":\"Provimarcas\",\"url\":\"https:\/\/provimarcas.com\/\",\"logo\":{\"@type\":\"ImageObject\",\"inLanguage\":\"en-US\",\"@id\":\"https:\/\/provimarcas.com\/#\/schema\/logo\/image\/\",\"url\":\"https:\/\/provimarcas.com\/wp-content\/uploads\/2022\/09\/ingles_mobile-provimarcas.jpg\",\"contentUrl\":\"https:\/\/provimarcas.com\/wp-content\/uploads\/2022\/09\/ingles_mobile-provimarcas.jpg\",\"width\":480,\"height\":420,\"caption\":\"Provimarcas\"},\"image\":{\"@id\":\"https:\/\/provimarcas.com\/#\/schema\/logo\/image\/\"},\"sameAs\":[\"https:\/\/www.facebook.com\/provimarcas\"]},{\"@type\":\"Person\",\"@id\":\"https:\/\/provimarcas.com\/#\/schema\/person\/1e810151e7502eea3a9e4d5682fa3492\",\"name\":\"Danielp@pacifica.co\",\"image\":{\"@type\":\"ImageObject\",\"inLanguage\":\"en-US\",\"@id\":\"https:\/\/provimarcas.com\/#\/schema\/person\/image\/\",\"url\":\"https:\/\/secure.gravatar.com\/avatar\/64cb43e45afd9efe9ee51dec0d6c7478?s=96&d=mm&r=g\",\"contentUrl\":\"https:\/\/secure.gravatar.com\/avatar\/64cb43e45afd9efe9ee51dec0d6c7478?s=96&d=mm&r=g\",\"caption\":\"Danielp@pacifica.co\"},\"sameAs\":[\"https:\/\/provimarcas.com\"],\"url\":\"https:\/\/provimarcas.com\/en\/author\/danielppacifica-co\/\"}]}<\/script>\n<!-- \/ Yoast SEO plugin. -->","yoast_head_json":{"title":"La arrocera Diana detuvo el registro de lema comercial solicitado por Uniarroz en la SIC - Provimarcas","robots":{"index":"index","follow":"follow","max-snippet":"max-snippet:-1","max-image-preview":"max-image-preview:large","max-video-preview":"max-video-preview:-1"},"canonical":"https:\/\/provimarcas.com\/en\/la-arrocera-diana-detuvo-el-registro-de-lema-comercial-solicitado-por-uniarroz-en-la-sic\/","og_locale":"en_US","og_type":"article","og_title":"La arrocera Diana detuvo el registro de lema comercial solicitado por Uniarroz en la SIC - Provimarcas","og_description":"[vc_row][vc_column][vc_column_text]El Grupo Diana se opuso al registro del lema &#8220;Arroz Ecoamigable&#8221; de Uniarroz, alegando el uso de t\u00e9rminos gen\u00e9ricos y descriptivos La [&hellip;]","og_url":"https:\/\/provimarcas.com\/en\/la-arrocera-diana-detuvo-el-registro-de-lema-comercial-solicitado-por-uniarroz-en-la-sic\/","og_site_name":"Provimarcas","article_publisher":"https:\/\/www.facebook.com\/provimarcas","article_published_time":"2021-11-19T23:01:37+00:00","article_modified_time":"2022-08-11T16:11:57+00:00","og_image":[{"width":400,"height":273,"url":"https:\/\/provimarcas.com\/wp-content\/uploads\/2022\/08\/asset6.jpg","type":"image\/jpeg"}],"author":"Danielp@pacifica.co","twitter_card":"summary_large_image","twitter_misc":{"Written by":"Danielp@pacifica.co","Est. reading time":"2 minutes"},"schema":{"@context":"https:\/\/schema.org","@graph":[{"@type":"Article","@id":"https:\/\/provimarcas.com\/la-arrocera-diana-detuvo-el-registro-de-lema-comercial-solicitado-por-uniarroz-en-la-sic\/#article","isPartOf":{"@id":"https:\/\/provimarcas.com\/la-arrocera-diana-detuvo-el-registro-de-lema-comercial-solicitado-por-uniarroz-en-la-sic\/"},"author":{"name":"Danielp@pacifica.co","@id":"https:\/\/provimarcas.com\/#\/schema\/person\/1e810151e7502eea3a9e4d5682fa3492"},"headline":"La arrocera Diana detuvo el registro de lema comercial solicitado por Uniarroz en la SIC","datePublished":"2021-11-19T23:01:37+00:00","dateModified":"2022-08-11T16:11:57+00:00","mainEntityOfPage":{"@id":"https:\/\/provimarcas.com\/la-arrocera-diana-detuvo-el-registro-de-lema-comercial-solicitado-por-uniarroz-en-la-sic\/"},"wordCount":475,"publisher":{"@id":"https:\/\/provimarcas.com\/#organization"},"image":{"@id":"https:\/\/provimarcas.com\/la-arrocera-diana-detuvo-el-registro-de-lema-comercial-solicitado-por-uniarroz-en-la-sic\/#primaryimage"},"thumbnailUrl":"https:\/\/provimarcas.com\/wp-content\/uploads\/2022\/08\/asset6.jpg","articleSection":["Espa\u00f1ol"],"inLanguage":"en-US"},{"@type":"WebPage","@id":"https:\/\/provimarcas.com\/la-arrocera-diana-detuvo-el-registro-de-lema-comercial-solicitado-por-uniarroz-en-la-sic\/","url":"https:\/\/provimarcas.com\/la-arrocera-diana-detuvo-el-registro-de-lema-comercial-solicitado-por-uniarroz-en-la-sic\/","name":"La arrocera Diana detuvo el registro de lema comercial solicitado por Uniarroz en la SIC - Provimarcas","isPartOf":{"@id":"https:\/\/provimarcas.com\/#website"},"primaryImageOfPage":{"@id":"https:\/\/provimarcas.com\/la-arrocera-diana-detuvo-el-registro-de-lema-comercial-solicitado-por-uniarroz-en-la-sic\/#primaryimage"},"image":{"@id":"https:\/\/provimarcas.com\/la-arrocera-diana-detuvo-el-registro-de-lema-comercial-solicitado-por-uniarroz-en-la-sic\/#primaryimage"},"thumbnailUrl":"https:\/\/provimarcas.com\/wp-content\/uploads\/2022\/08\/asset6.jpg","datePublished":"2021-11-19T23:01:37+00:00","dateModified":"2022-08-11T16:11:57+00:00","breadcrumb":{"@id":"https:\/\/provimarcas.com\/la-arrocera-diana-detuvo-el-registro-de-lema-comercial-solicitado-por-uniarroz-en-la-sic\/#breadcrumb"},"inLanguage":"en-US","potentialAction":[{"@type":"ReadAction","target":["https:\/\/provimarcas.com\/la-arrocera-diana-detuvo-el-registro-de-lema-comercial-solicitado-por-uniarroz-en-la-sic\/"]}]},{"@type":"ImageObject","inLanguage":"en-US","@id":"https:\/\/provimarcas.com\/la-arrocera-diana-detuvo-el-registro-de-lema-comercial-solicitado-por-uniarroz-en-la-sic\/#primaryimage","url":"https:\/\/provimarcas.com\/wp-content\/uploads\/2022\/08\/asset6.jpg","contentUrl":"https:\/\/provimarcas.com\/wp-content\/uploads\/2022\/08\/asset6.jpg","width":400,"height":273},{"@type":"BreadcrumbList","@id":"https:\/\/provimarcas.com\/la-arrocera-diana-detuvo-el-registro-de-lema-comercial-solicitado-por-uniarroz-en-la-sic\/#breadcrumb","itemListElement":[{"@type":"ListItem","position":1,"name":"Home","item":"https:\/\/provimarcas.com\/"},{"@type":"ListItem","position":2,"name":"La arrocera Diana detuvo el registro de lema comercial solicitado por Uniarroz en la SIC"}]},{"@type":"WebSite","@id":"https:\/\/provimarcas.com\/#website","url":"https:\/\/provimarcas.com\/","name":"Provimarcas","description":"","publisher":{"@id":"https:\/\/provimarcas.com\/#organization"},"potentialAction":[{"@type":"SearchAction","target":{"@type":"EntryPoint","urlTemplate":"https:\/\/provimarcas.com\/?s={search_term_string}"},"query-input":"required name=search_term_string"}],"inLanguage":"en-US"},{"@type":"Organization","@id":"https:\/\/provimarcas.com\/#organization","name":"Provimarcas","url":"https:\/\/provimarcas.com\/","logo":{"@type":"ImageObject","inLanguage":"en-US","@id":"https:\/\/provimarcas.com\/#\/schema\/logo\/image\/","url":"https:\/\/provimarcas.com\/wp-content\/uploads\/2022\/09\/ingles_mobile-provimarcas.jpg","contentUrl":"https:\/\/provimarcas.com\/wp-content\/uploads\/2022\/09\/ingles_mobile-provimarcas.jpg","width":480,"height":420,"caption":"Provimarcas"},"image":{"@id":"https:\/\/provimarcas.com\/#\/schema\/logo\/image\/"},"sameAs":["https:\/\/www.facebook.com\/provimarcas"]},{"@type":"Person","@id":"https:\/\/provimarcas.com\/#\/schema\/person\/1e810151e7502eea3a9e4d5682fa3492","name":"Danielp@pacifica.co","image":{"@type":"ImageObject","inLanguage":"en-US","@id":"https:\/\/provimarcas.com\/#\/schema\/person\/image\/","url":"https:\/\/secure.gravatar.com\/avatar\/64cb43e45afd9efe9ee51dec0d6c7478?s=96&d=mm&r=g","contentUrl":"https:\/\/secure.gravatar.com\/avatar\/64cb43e45afd9efe9ee51dec0d6c7478?s=96&d=mm&r=g","caption":"Danielp@pacifica.co"},"sameAs":["https:\/\/provimarcas.com"],"url":"https:\/\/provimarcas.com\/en\/author\/danielppacifica-co\/"}]}},"_links":{"self":[{"href":"https:\/\/provimarcas.com\/en\/wp-json\/wp\/v2\/posts\/314"}],"collection":[{"href":"https:\/\/provimarcas.com\/en\/wp-json\/wp\/v2\/posts"}],"about":[{"href":"https:\/\/provimarcas.com\/en\/wp-json\/wp\/v2\/types\/post"}],"author":[{"embeddable":true,"href":"https:\/\/provimarcas.com\/en\/wp-json\/wp\/v2\/users\/1"}],"replies":[{"embeddable":true,"href":"https:\/\/provimarcas.com\/en\/wp-json\/wp\/v2\/comments?post=314"}],"version-history":[{"count":2,"href":"https:\/\/provimarcas.com\/en\/wp-json\/wp\/v2\/posts\/314\/revisions"}],"predecessor-version":[{"id":407,"href":"https:\/\/provimarcas.com\/en\/wp-json\/wp\/v2\/posts\/314\/revisions\/407"}],"wp:featuredmedia":[{"embeddable":true,"href":"https:\/\/provimarcas.com\/en\/wp-json\/wp\/v2\/media\/301"}],"wp:attachment":[{"href":"https:\/\/provimarcas.com\/en\/wp-json\/wp\/v2\/media?parent=314"}],"wp:term":[{"taxonomy":"category","embeddable":true,"href":"https:\/\/provimarcas.com\/en\/wp-json\/wp\/v2\/categories?post=314"},{"taxonomy":"post_tag","embeddable":true,"href":"https:\/\/provimarcas.com\/en\/wp-json\/wp\/v2\/tags?post=314"}],"curies":[{"name":"wp","href":"https:\/\/api.w.org\/{rel}","templated":true}]}}