{"id":3635,"date":"2023-08-29T08:00:48","date_gmt":"2023-08-29T08:00:48","guid":{"rendered":"https:\/\/provimarcas.com\/?p=3635"},"modified":"2023-08-29T13:16:40","modified_gmt":"2023-08-29T13:16:40","slug":"entra-en-vigor-el-acuerdo-de-creacion-de-la-guia-de-publicidad-para-influencers","status":"publish","type":"post","link":"https:\/\/provimarcas.com\/en\/entra-en-vigor-el-acuerdo-de-creacion-de-la-guia-de-publicidad-para-influencers\/","title":{"rendered":"ENTRA EN VIGOR EL ACUERDO DE CREACI\u00d3N DE LA GU\u00cdA DE PUBLICIDAD PARA INFLUENCERS"},"content":{"rendered":"<p style=\"font-weight: 400;\">Les informamos que el\u00a021 de agosto\u00a0de 2023 fue publicado en el Diario Oficial de la Federaci\u00f3n (DOF) en su edici\u00f3n vespertina el Acuerdo por el que se da a conocer la Gu\u00eda de publicidad para\u00a0<em>influencers<\/em>\u00a0de la Procuradur\u00eda Federal del Consumidor (PROFECO).<\/p>\n<p style=\"font-weight: 400;\">La Gu\u00eda constituye un instrumento de consulta para\u00a0<em>influencers<\/em>\u00a0y creadores de contenido con el fin de que sus publicaciones en redes sociales o plataformas digitales relacionadas con productos y\/o servicios, cumplan con las disposiciones en materia de publicidad establecidas en la Ley Federal de Protecci\u00f3n al Consumidor en M\u00e9xico.<\/p>\n<p style=\"font-weight: 400;\">En la gu\u00eda, la PROFECO realiza sugerencias a los influencers para que las apliquen en su publicidad de productos y\/o servicios, entre las cuales, destacan las siguientes:<\/p>\n<ul>\n<li style=\"font-weight: 400;\">La publicidad debe ser visible, clara, veraz, fidedigna y exentas de informaci\u00f3n que pueda inducir al error o confusi\u00f3n.<\/li>\n<li style=\"font-weight: 400;\">Informar a los consumidores que sus contenidos se tratan de publicidad, mediante anuncios o leyendas que deber\u00e1n estar contenidas en im\u00e1genes, videos, audios y transmisiones.<\/li>\n<li style=\"font-weight: 400;\">Informar la relaci\u00f3n comercial que tienen con la marca que publicitan, mediante el uso de hashtags como #PublicidadPagada, #Publicidad, #OpinionesPersonales y #PatrocinadoPor.<\/li>\n<li style=\"font-weight: 400;\">Incluir advertencias para el uso seguro de bienes y servicios y, en su caso, las restricciones de uso relacionadas con la seguridad o salud de los consumidores.<\/li>\n<\/ul>\n<p style=\"font-weight: 400;\">Asimismo, la gu\u00eda da a conocer que existen reglas de publicidad para productos espec\u00edficos, tales como alimentos, bebidas, cosm\u00e9ticos, productos de aseo, insumos para la salud, suplementos alimenticios, entre otros, mencionando que la autoridad encargada de su cumplimiento es la Comisi\u00f3n Federal para la Protecci\u00f3n contra Riesgos Sanitarios (COFEPRIS), esto con el fin de que los\u00a0<em>influencers<\/em>\u00a0cumplan con la regulaci\u00f3n aplicable a este tipo de productos.<\/p>\n<p style=\"font-weight: 400;\">Es importante se\u00f1alar que la gu\u00eda destaca que las reglas de publicidad para productos y servicios deben ser cumplidas por cualquier tipo de\u00a0<em>influencer<\/em>, incluidos los ni\u00f1os, ni\u00f1as y adolescentes, ya que sus actividades en redes sociales influyen en las decisiones de los consumidores.<\/p>\n<p style=\"font-weight: 400;\">","protected":false},"excerpt":{"rendered":"<p>Les informamos que el\u00a021 de agosto\u00a0de 2023 fue publicado en el Diario Oficial de la Federaci\u00f3n (DOF) en su edici\u00f3n vespertina el [&hellip;]<\/p>","protected":false},"author":3,"featured_media":3637,"comment_status":"open","ping_status":"open","sticky":false,"template":"","format":"standard","meta":{"footnotes":""},"categories":[9],"tags":[],"yoast_head":"<!-- This site is optimized with the Yoast SEO plugin v23.2 - https:\/\/yoast.com\/wordpress\/plugins\/seo\/ -->\n<title>ENTRA EN VIGOR EL ACUERDO DE CREACI\u00d3N DE LA GU\u00cdA DE PUBLICIDAD PARA INFLUENCERS - Provimarcas<\/title>\n<meta name=\"robots\" content=\"index, follow, max-snippet:-1, max-image-preview:large, max-video-preview:-1\" \/>\n<link rel=\"canonical\" href=\"https:\/\/provimarcas.com\/en\/entra-en-vigor-el-acuerdo-de-creacion-de-la-guia-de-publicidad-para-influencers\/\" \/>\n<meta property=\"og:locale\" content=\"en_US\" \/>\n<meta property=\"og:type\" content=\"article\" \/>\n<meta property=\"og:title\" content=\"ENTRA EN VIGOR EL ACUERDO DE CREACI\u00d3N DE LA GU\u00cdA DE PUBLICIDAD PARA INFLUENCERS - Provimarcas\" \/>\n<meta property=\"og:description\" content=\"Les informamos que el\u00a021 de agosto\u00a0de 2023 fue publicado en el Diario Oficial de la Federaci\u00f3n (DOF) en su edici\u00f3n vespertina el [&hellip;]\" \/>\n<meta property=\"og:url\" content=\"https:\/\/provimarcas.com\/en\/entra-en-vigor-el-acuerdo-de-creacion-de-la-guia-de-publicidad-para-influencers\/\" \/>\n<meta property=\"og:site_name\" content=\"Provimarcas\" \/>\n<meta property=\"article:publisher\" content=\"https:\/\/www.facebook.com\/provimarcas\" \/>\n<meta property=\"article:published_time\" content=\"2023-08-29T08:00:48+00:00\" \/>\n<meta property=\"article:modified_time\" content=\"2023-08-29T13:16:40+00:00\" \/>\n<meta property=\"og:image\" content=\"https:\/\/provimarcas.com\/wp-content\/uploads\/2023\/08\/NOTICIA-GRUPO-LEGAL-DE-MEXICO-1.png\" \/>\n\t<meta property=\"og:image:width\" content=\"1671\" \/>\n\t<meta property=\"og:image:height\" content=\"1114\" \/>\n\t<meta property=\"og:image:type\" content=\"image\/png\" \/>\n<meta name=\"author\" content=\"Paulina\" \/>\n<meta name=\"twitter:card\" content=\"summary_large_image\" \/>\n<meta name=\"twitter:label1\" content=\"Written by\" \/>\n\t<meta name=\"twitter:data1\" content=\"Paulina\" \/>\n\t<meta name=\"twitter:label2\" content=\"Est. reading time\" \/>\n\t<meta name=\"twitter:data2\" content=\"2 minutes\" \/>\n<script type=\"application\/ld+json\" class=\"yoast-schema-graph\">{\"@context\":\"https:\/\/schema.org\",\"@graph\":[{\"@type\":\"Article\",\"@id\":\"https:\/\/provimarcas.com\/entra-en-vigor-el-acuerdo-de-creacion-de-la-guia-de-publicidad-para-influencers\/#article\",\"isPartOf\":{\"@id\":\"https:\/\/provimarcas.com\/entra-en-vigor-el-acuerdo-de-creacion-de-la-guia-de-publicidad-para-influencers\/\"},\"author\":{\"name\":\"Paulina\",\"@id\":\"https:\/\/provimarcas.com\/#\/schema\/person\/7d5bd4e128127041f65306151a79d5be\"},\"headline\":\"ENTRA EN VIGOR EL ACUERDO DE CREACI\u00d3N DE LA GU\u00cdA DE PUBLICIDAD PARA INFLUENCERS\",\"datePublished\":\"2023-08-29T08:00:48+00:00\",\"dateModified\":\"2023-08-29T13:16:40+00:00\",\"mainEntityOfPage\":{\"@id\":\"https:\/\/provimarcas.com\/entra-en-vigor-el-acuerdo-de-creacion-de-la-guia-de-publicidad-para-influencers\/\"},\"wordCount\":365,\"commentCount\":0,\"publisher\":{\"@id\":\"https:\/\/provimarcas.com\/#organization\"},\"image\":{\"@id\":\"https:\/\/provimarcas.com\/entra-en-vigor-el-acuerdo-de-creacion-de-la-guia-de-publicidad-para-influencers\/#primaryimage\"},\"thumbnailUrl\":\"https:\/\/provimarcas.com\/wp-content\/uploads\/2023\/08\/NOTICIA-GRUPO-LEGAL-DE-MEXICO-1.png\",\"articleSection\":[\"Espa\u00f1ol\"],\"inLanguage\":\"en-US\",\"potentialAction\":[{\"@type\":\"CommentAction\",\"name\":\"Comment\",\"target\":[\"https:\/\/provimarcas.com\/entra-en-vigor-el-acuerdo-de-creacion-de-la-guia-de-publicidad-para-influencers\/#respond\"]}]},{\"@type\":\"WebPage\",\"@id\":\"https:\/\/provimarcas.com\/entra-en-vigor-el-acuerdo-de-creacion-de-la-guia-de-publicidad-para-influencers\/\",\"url\":\"https:\/\/provimarcas.com\/entra-en-vigor-el-acuerdo-de-creacion-de-la-guia-de-publicidad-para-influencers\/\",\"name\":\"ENTRA EN VIGOR EL ACUERDO DE CREACI\u00d3N DE LA GU\u00cdA DE PUBLICIDAD PARA INFLUENCERS - Provimarcas\",\"isPartOf\":{\"@id\":\"https:\/\/provimarcas.com\/#website\"},\"primaryImageOfPage\":{\"@id\":\"https:\/\/provimarcas.com\/entra-en-vigor-el-acuerdo-de-creacion-de-la-guia-de-publicidad-para-influencers\/#primaryimage\"},\"image\":{\"@id\":\"https:\/\/provimarcas.com\/entra-en-vigor-el-acuerdo-de-creacion-de-la-guia-de-publicidad-para-influencers\/#primaryimage\"},\"thumbnailUrl\":\"https:\/\/provimarcas.com\/wp-content\/uploads\/2023\/08\/NOTICIA-GRUPO-LEGAL-DE-MEXICO-1.png\",\"datePublished\":\"2023-08-29T08:00:48+00:00\",\"dateModified\":\"2023-08-29T13:16:40+00:00\",\"breadcrumb\":{\"@id\":\"https:\/\/provimarcas.com\/entra-en-vigor-el-acuerdo-de-creacion-de-la-guia-de-publicidad-para-influencers\/#breadcrumb\"},\"inLanguage\":\"en-US\",\"potentialAction\":[{\"@type\":\"ReadAction\",\"target\":[\"https:\/\/provimarcas.com\/entra-en-vigor-el-acuerdo-de-creacion-de-la-guia-de-publicidad-para-influencers\/\"]}]},{\"@type\":\"ImageObject\",\"inLanguage\":\"en-US\",\"@id\":\"https:\/\/provimarcas.com\/entra-en-vigor-el-acuerdo-de-creacion-de-la-guia-de-publicidad-para-influencers\/#primaryimage\",\"url\":\"https:\/\/provimarcas.com\/wp-content\/uploads\/2023\/08\/NOTICIA-GRUPO-LEGAL-DE-MEXICO-1.png\",\"contentUrl\":\"https:\/\/provimarcas.com\/wp-content\/uploads\/2023\/08\/NOTICIA-GRUPO-LEGAL-DE-MEXICO-1.png\",\"width\":1671,\"height\":1114},{\"@type\":\"BreadcrumbList\",\"@id\":\"https:\/\/provimarcas.com\/entra-en-vigor-el-acuerdo-de-creacion-de-la-guia-de-publicidad-para-influencers\/#breadcrumb\",\"itemListElement\":[{\"@type\":\"ListItem\",\"position\":1,\"name\":\"Home\",\"item\":\"https:\/\/provimarcas.com\/\"},{\"@type\":\"ListItem\",\"position\":2,\"name\":\"ENTRA EN VIGOR EL ACUERDO DE CREACI\u00d3N DE LA GU\u00cdA DE PUBLICIDAD PARA INFLUENCERS\"}]},{\"@type\":\"WebSite\",\"@id\":\"https:\/\/provimarcas.com\/#website\",\"url\":\"https:\/\/provimarcas.com\/\",\"name\":\"Provimarcas\",\"description\":\"\",\"publisher\":{\"@id\":\"https:\/\/provimarcas.com\/#organization\"},\"potentialAction\":[{\"@type\":\"SearchAction\",\"target\":{\"@type\":\"EntryPoint\",\"urlTemplate\":\"https:\/\/provimarcas.com\/?s={search_term_string}\"},\"query-input\":\"required name=search_term_string\"}],\"inLanguage\":\"en-US\"},{\"@type\":\"Organization\",\"@id\":\"https:\/\/provimarcas.com\/#organization\",\"name\":\"Provimarcas\",\"url\":\"https:\/\/provimarcas.com\/\",\"logo\":{\"@type\":\"ImageObject\",\"inLanguage\":\"en-US\",\"@id\":\"https:\/\/provimarcas.com\/#\/schema\/logo\/image\/\",\"url\":\"https:\/\/provimarcas.com\/wp-content\/uploads\/2022\/09\/ingles_mobile-provimarcas.jpg\",\"contentUrl\":\"https:\/\/provimarcas.com\/wp-content\/uploads\/2022\/09\/ingles_mobile-provimarcas.jpg\",\"width\":480,\"height\":420,\"caption\":\"Provimarcas\"},\"image\":{\"@id\":\"https:\/\/provimarcas.com\/#\/schema\/logo\/image\/\"},\"sameAs\":[\"https:\/\/www.facebook.com\/provimarcas\"]},{\"@type\":\"Person\",\"@id\":\"https:\/\/provimarcas.com\/#\/schema\/person\/7d5bd4e128127041f65306151a79d5be\",\"name\":\"Paulina\",\"image\":{\"@type\":\"ImageObject\",\"inLanguage\":\"en-US\",\"@id\":\"https:\/\/provimarcas.com\/#\/schema\/person\/image\/\",\"url\":\"https:\/\/secure.gravatar.com\/avatar\/d736cf8fba37316224357341441b8043?s=96&d=mm&r=g\",\"contentUrl\":\"https:\/\/secure.gravatar.com\/avatar\/d736cf8fba37316224357341441b8043?s=96&d=mm&r=g\",\"caption\":\"Paulina\"},\"url\":\"https:\/\/provimarcas.com\/en\/author\/paulina\/\"}]}<\/script>\n<!-- \/ Yoast SEO plugin. -->","yoast_head_json":{"title":"ENTRA EN VIGOR EL ACUERDO DE CREACI\u00d3N DE LA GU\u00cdA DE PUBLICIDAD PARA INFLUENCERS - Provimarcas","robots":{"index":"index","follow":"follow","max-snippet":"max-snippet:-1","max-image-preview":"max-image-preview:large","max-video-preview":"max-video-preview:-1"},"canonical":"https:\/\/provimarcas.com\/en\/entra-en-vigor-el-acuerdo-de-creacion-de-la-guia-de-publicidad-para-influencers\/","og_locale":"en_US","og_type":"article","og_title":"ENTRA EN VIGOR EL ACUERDO DE CREACI\u00d3N DE LA GU\u00cdA DE PUBLICIDAD PARA INFLUENCERS - Provimarcas","og_description":"Les informamos que el\u00a021 de agosto\u00a0de 2023 fue publicado en el Diario Oficial de la Federaci\u00f3n (DOF) en su edici\u00f3n vespertina el [&hellip;]","og_url":"https:\/\/provimarcas.com\/en\/entra-en-vigor-el-acuerdo-de-creacion-de-la-guia-de-publicidad-para-influencers\/","og_site_name":"Provimarcas","article_publisher":"https:\/\/www.facebook.com\/provimarcas","article_published_time":"2023-08-29T08:00:48+00:00","article_modified_time":"2023-08-29T13:16:40+00:00","og_image":[{"width":1671,"height":1114,"url":"https:\/\/provimarcas.com\/wp-content\/uploads\/2023\/08\/NOTICIA-GRUPO-LEGAL-DE-MEXICO-1.png","type":"image\/png"}],"author":"Paulina","twitter_card":"summary_large_image","twitter_misc":{"Written by":"Paulina","Est. reading time":"2 minutes"},"schema":{"@context":"https:\/\/schema.org","@graph":[{"@type":"Article","@id":"https:\/\/provimarcas.com\/entra-en-vigor-el-acuerdo-de-creacion-de-la-guia-de-publicidad-para-influencers\/#article","isPartOf":{"@id":"https:\/\/provimarcas.com\/entra-en-vigor-el-acuerdo-de-creacion-de-la-guia-de-publicidad-para-influencers\/"},"author":{"name":"Paulina","@id":"https:\/\/provimarcas.com\/#\/schema\/person\/7d5bd4e128127041f65306151a79d5be"},"headline":"ENTRA EN VIGOR EL ACUERDO DE CREACI\u00d3N DE LA GU\u00cdA DE PUBLICIDAD PARA INFLUENCERS","datePublished":"2023-08-29T08:00:48+00:00","dateModified":"2023-08-29T13:16:40+00:00","mainEntityOfPage":{"@id":"https:\/\/provimarcas.com\/entra-en-vigor-el-acuerdo-de-creacion-de-la-guia-de-publicidad-para-influencers\/"},"wordCount":365,"commentCount":0,"publisher":{"@id":"https:\/\/provimarcas.com\/#organization"},"image":{"@id":"https:\/\/provimarcas.com\/entra-en-vigor-el-acuerdo-de-creacion-de-la-guia-de-publicidad-para-influencers\/#primaryimage"},"thumbnailUrl":"https:\/\/provimarcas.com\/wp-content\/uploads\/2023\/08\/NOTICIA-GRUPO-LEGAL-DE-MEXICO-1.png","articleSection":["Espa\u00f1ol"],"inLanguage":"en-US","potentialAction":[{"@type":"CommentAction","name":"Comment","target":["https:\/\/provimarcas.com\/entra-en-vigor-el-acuerdo-de-creacion-de-la-guia-de-publicidad-para-influencers\/#respond"]}]},{"@type":"WebPage","@id":"https:\/\/provimarcas.com\/entra-en-vigor-el-acuerdo-de-creacion-de-la-guia-de-publicidad-para-influencers\/","url":"https:\/\/provimarcas.com\/entra-en-vigor-el-acuerdo-de-creacion-de-la-guia-de-publicidad-para-influencers\/","name":"ENTRA EN VIGOR EL ACUERDO DE CREACI\u00d3N DE LA GU\u00cdA DE PUBLICIDAD PARA INFLUENCERS - Provimarcas","isPartOf":{"@id":"https:\/\/provimarcas.com\/#website"},"primaryImageOfPage":{"@id":"https:\/\/provimarcas.com\/entra-en-vigor-el-acuerdo-de-creacion-de-la-guia-de-publicidad-para-influencers\/#primaryimage"},"image":{"@id":"https:\/\/provimarcas.com\/entra-en-vigor-el-acuerdo-de-creacion-de-la-guia-de-publicidad-para-influencers\/#primaryimage"},"thumbnailUrl":"https:\/\/provimarcas.com\/wp-content\/uploads\/2023\/08\/NOTICIA-GRUPO-LEGAL-DE-MEXICO-1.png","datePublished":"2023-08-29T08:00:48+00:00","dateModified":"2023-08-29T13:16:40+00:00","breadcrumb":{"@id":"https:\/\/provimarcas.com\/entra-en-vigor-el-acuerdo-de-creacion-de-la-guia-de-publicidad-para-influencers\/#breadcrumb"},"inLanguage":"en-US","potentialAction":[{"@type":"ReadAction","target":["https:\/\/provimarcas.com\/entra-en-vigor-el-acuerdo-de-creacion-de-la-guia-de-publicidad-para-influencers\/"]}]},{"@type":"ImageObject","inLanguage":"en-US","@id":"https:\/\/provimarcas.com\/entra-en-vigor-el-acuerdo-de-creacion-de-la-guia-de-publicidad-para-influencers\/#primaryimage","url":"https:\/\/provimarcas.com\/wp-content\/uploads\/2023\/08\/NOTICIA-GRUPO-LEGAL-DE-MEXICO-1.png","contentUrl":"https:\/\/provimarcas.com\/wp-content\/uploads\/2023\/08\/NOTICIA-GRUPO-LEGAL-DE-MEXICO-1.png","width":1671,"height":1114},{"@type":"BreadcrumbList","@id":"https:\/\/provimarcas.com\/entra-en-vigor-el-acuerdo-de-creacion-de-la-guia-de-publicidad-para-influencers\/#breadcrumb","itemListElement":[{"@type":"ListItem","position":1,"name":"Home","item":"https:\/\/provimarcas.com\/"},{"@type":"ListItem","position":2,"name":"ENTRA EN VIGOR EL ACUERDO DE CREACI\u00d3N DE LA GU\u00cdA DE PUBLICIDAD PARA INFLUENCERS"}]},{"@type":"WebSite","@id":"https:\/\/provimarcas.com\/#website","url":"https:\/\/provimarcas.com\/","name":"Provimarcas","description":"","publisher":{"@id":"https:\/\/provimarcas.com\/#organization"},"potentialAction":[{"@type":"SearchAction","target":{"@type":"EntryPoint","urlTemplate":"https:\/\/provimarcas.com\/?s={search_term_string}"},"query-input":"required name=search_term_string"}],"inLanguage":"en-US"},{"@type":"Organization","@id":"https:\/\/provimarcas.com\/#organization","name":"Provimarcas","url":"https:\/\/provimarcas.com\/","logo":{"@type":"ImageObject","inLanguage":"en-US","@id":"https:\/\/provimarcas.com\/#\/schema\/logo\/image\/","url":"https:\/\/provimarcas.com\/wp-content\/uploads\/2022\/09\/ingles_mobile-provimarcas.jpg","contentUrl":"https:\/\/provimarcas.com\/wp-content\/uploads\/2022\/09\/ingles_mobile-provimarcas.jpg","width":480,"height":420,"caption":"Provimarcas"},"image":{"@id":"https:\/\/provimarcas.com\/#\/schema\/logo\/image\/"},"sameAs":["https:\/\/www.facebook.com\/provimarcas"]},{"@type":"Person","@id":"https:\/\/provimarcas.com\/#\/schema\/person\/7d5bd4e128127041f65306151a79d5be","name":"Paulina","image":{"@type":"ImageObject","inLanguage":"en-US","@id":"https:\/\/provimarcas.com\/#\/schema\/person\/image\/","url":"https:\/\/secure.gravatar.com\/avatar\/d736cf8fba37316224357341441b8043?s=96&d=mm&r=g","contentUrl":"https:\/\/secure.gravatar.com\/avatar\/d736cf8fba37316224357341441b8043?s=96&d=mm&r=g","caption":"Paulina"},"url":"https:\/\/provimarcas.com\/en\/author\/paulina\/"}]}},"_links":{"self":[{"href":"https:\/\/provimarcas.com\/en\/wp-json\/wp\/v2\/posts\/3635"}],"collection":[{"href":"https:\/\/provimarcas.com\/en\/wp-json\/wp\/v2\/posts"}],"about":[{"href":"https:\/\/provimarcas.com\/en\/wp-json\/wp\/v2\/types\/post"}],"author":[{"embeddable":true,"href":"https:\/\/provimarcas.com\/en\/wp-json\/wp\/v2\/users\/3"}],"replies":[{"embeddable":true,"href":"https:\/\/provimarcas.com\/en\/wp-json\/wp\/v2\/comments?post=3635"}],"version-history":[{"count":1,"href":"https:\/\/provimarcas.com\/en\/wp-json\/wp\/v2\/posts\/3635\/revisions"}],"predecessor-version":[{"id":3638,"href":"https:\/\/provimarcas.com\/en\/wp-json\/wp\/v2\/posts\/3635\/revisions\/3638"}],"wp:featuredmedia":[{"embeddable":true,"href":"https:\/\/provimarcas.com\/en\/wp-json\/wp\/v2\/media\/3637"}],"wp:attachment":[{"href":"https:\/\/provimarcas.com\/en\/wp-json\/wp\/v2\/media?parent=3635"}],"wp:term":[{"taxonomy":"category","embeddable":true,"href":"https:\/\/provimarcas.com\/en\/wp-json\/wp\/v2\/categories?post=3635"},{"taxonomy":"post_tag","embeddable":true,"href":"https:\/\/provimarcas.com\/en\/wp-json\/wp\/v2\/tags?post=3635"}],"curies":[{"name":"wp","href":"https:\/\/api.w.org\/{rel}","templated":true}]}}